{"id":6411,"date":"2014-08-03T16:31:01","date_gmt":"2014-08-03T13:31:01","guid":{"rendered":"http:\/\/www.sana.sy\/tr\/?p=6411"},"modified":"2014-08-03T16:31:01","modified_gmt":"2014-08-03T13:31:01","slug":"sammat-hukumet-vatandaslarin-ihtiyaclarini-karsilamaya-buyuk-onem-veriyor","status":"publish","type":"post","link":"https:\/\/archive.sana.sy\/tr\/?p=6411","title":{"rendered":"\u015eammat: H\u00fck\u00fcmet Vatanda\u015flar\u0131n \u0130htiya\u00e7lar\u0131n\u0131 Kar\u015f\u0131lamaya B\u00fcy\u00fck \u00d6nem Veriyor"},"content":{"rendered":"<p>\u015eAM \u2013 \u0130\u015flemleri Y\u00fcr\u00fctmekle M\u00fckellef Kabinede Sosyal \u0130\u015fler Bakan\u0131 Kinde \u015eammat; h\u00fck\u00fcmetin, ter\u00f6r ma\u011fduru vatanda\u015flar\u0131n g\u0131da ve ila\u00e7 gibi temel ihtiya\u00e7lar\u0131n\u0131 kar\u015f\u0131lamaya b\u00fcy\u00fck bir \u00f6nem verdi\u011fini ifade etti.<\/p>\n<p>Y\u00fcksek Yard\u0131m Komisyonu \u00fcyeleri ile bir araya gelen \u015eammat; Dera K\u0131rsal\u0131nda ya\u015fanmakta olan ter\u00f6r olaylar\u0131ndan zarar g\u00f6ren ailelere insani yard\u0131m ula\u015ft\u0131rmak i\u00e7in harcanan \u00e7abalara dikkat \u00e7ekerek \u015eam\u2019da Filistinlilerin yo\u011funluklu olarak ya\u015fad\u0131klar\u0131 Yerm\u00fck Semtine d\u00fczenli yard\u0131m ula\u015ft\u0131r\u0131lmas\u0131n\u0131 sa\u011flamak gerekti\u011fini vurgulad\u0131.<\/p>\n<p><a href=\"http:\/\/www.sana.sy\/tr\/wp-content\/uploads\/2014\/08\/Sosyal-\u0130\u015fler-Bakan\u0131-2.jpg\"><img loading=\"lazy\" decoding=\"async\" class=\"alignright wp-image-6413 size-medium\" src=\"http:\/\/www.sana.sy\/tr\/wp-content\/uploads\/2014\/08\/Sosyal-\u0130\u015fler-Bakan\u0131-2-300x201.jpg\" alt=\"Sosyal \u0130\u015fler Bakan\u0131 2\" width=\"300\" height=\"201\" srcset=\"https:\/\/archive.sana.sy\/tr\/wp-content\/uploads\/2014\/08\/Sosyal-\u0130\u015fler-Bakan\u0131-2-300x201.jpg 300w, https:\/\/archive.sana.sy\/tr\/wp-content\/uploads\/2014\/08\/Sosyal-\u0130\u015fler-Bakan\u0131-2-150x100.jpg 150w, https:\/\/archive.sana.sy\/tr\/wp-content\/uploads\/2014\/08\/Sosyal-\u0130\u015fler-Bakan\u0131-2.jpg 400w\" sizes=\"auto, (max-width: 300px) 100vw, 300px\" \/><\/a>Ulusal egemenli\u011fe sayg\u0131 ve devletin egemen oldu\u011fu topraklarda yard\u0131m da\u011f\u0131t\u0131m\u0131n\u0131 denetlemesinin uluslararas\u0131 yasalarla desteklendi\u011fine i\u015faret eden \u015eammat; bu alandaki yasalar\u0131n insani yard\u0131mlar konusunun siyasile\u015ftirilmesini ve amac\u0131n\u0131n d\u0131\u015f\u0131na sapmas\u0131n\u0131 \u00f6nlemeyi ama\u00e7lad\u0131\u011f\u0131n\u0131 ibraz etti.<\/p>\n<p>\u00d6te yandan D\u0131\u015fi\u015fleri ve Gurbet\u00e7iler Bakanl\u0131\u011f\u0131nda Organizasyonlar \u0130daresi M\u00fcd\u00fcr\u00fc Milad Atiye; Suriye h\u00fck\u00fcmetinin, insani yard\u0131mlar\u0131n ihtiya\u00e7 sahiplerine ula\u015ft\u0131r\u0131lmas\u0131 ve uluslararas\u0131 yard\u0131m \u00f6rg\u00fctleriyle i\u015fbirli\u011fi i\u00e7in hi\u00e7bir \u00e7abay\u0131 sak\u0131nmad\u0131\u011f\u0131na dikkat \u00e7ekerek uluslararas\u0131 kimi taraflar\u0131n Suriye\u2019nin yard\u0131m da\u011f\u0131t\u0131m\u0131yla ilgili i\u015fbirli\u011fi yapmad\u0131\u011f\u0131n\u0131 yans\u0131tarak gayr\u0131 me\u015fru yard\u0131m malzemelerini Suriye topraklar\u0131na ge\u00e7irme \u00e7abas\u0131na girdiklerini belirtti.<\/p>\n<p>Toplant\u0131da Filistinli M\u00fclteciler Kurumu M\u00fcd\u00fcr\u00fc Ali Mustafa, silahl\u0131 ter\u00f6r gruplar\u0131n\u0131n faaliyetleri sonucu evlerini terk etmek zorunda kalan Filistinlilere yard\u0131m ula\u015ft\u0131r\u0131lmas\u0131 s\u0131ras\u0131nda kar\u015f\u0131la\u015f\u0131lan zorluklar ve kar\u015f\u0131lanmas\u0131 gereken ihtiya\u00e7lara ili\u015fkin bir sunum takdim etti.<\/p>\n","protected":false},"excerpt":{"rendered":"<p>\u015eAM \u2013 \u0130\u015flemleri Y\u00fcr\u00fctmekle M\u00fckellef Kabinede Sosyal \u0130\u015fler Bakan\u0131 Kinde \u015eammat; h\u00fck\u00fcmetin, ter\u00f6r ma\u011fduru vatanda\u015flar\u0131n g\u0131da ve ila\u00e7 gibi temel ihtiya\u00e7lar\u0131n\u0131 kar\u015f\u0131lamaya b\u00fcy\u00fck bir \u00f6nem verdi\u011fini ifade etti. Y\u00fcksek Yard\u0131m Komisyonu \u00fcyeleri ile bir araya gelen \u015eammat; Dera K\u0131rsal\u0131nda ya\u015fanmakta olan ter\u00f6r olaylar\u0131ndan zarar g\u00f6ren ailelere insani yard\u0131m ula\u015ft\u0131rmak i\u00e7in harcanan \u00e7abalara dikkat \u00e7ekerek \u015eam\u2019da &hellip;<\/p>\n","protected":false},"author":1,"featured_media":6412,"comment_status":"closed","ping_status":"closed","sticky":false,"template":"","format":"standard","meta":{"footnotes":""},"categories":[479,478],"tags":[1425],"class_list":["post-6411","post","type-post","status-publish","format-standard","has-post-thumbnail","","category-haberler-yerel","category-yerel","tag-sammat-hukumet-vatandaslarin-ihtiyaclarini-karsilamaya-buyuk-onem-veriyor"],"_links":{"self":[{"href":"https:\/\/archive.sana.sy\/tr\/index.php?rest_route=\/wp\/v2\/posts\/6411","targetHints":{"allow":["GET"]}}],"collection":[{"href":"https:\/\/archive.sana.sy\/tr\/index.php?rest_route=\/wp\/v2\/posts"}],"about":[{"href":"https:\/\/archive.sana.sy\/tr\/index.php?rest_route=\/wp\/v2\/types\/post"}],"author":[{"embeddable":true,"href":"https:\/\/archive.sana.sy\/tr\/index.php?rest_route=\/wp\/v2\/users\/1"}],"replies":[{"embeddable":true,"href":"https:\/\/archive.sana.sy\/tr\/index.php?rest_route=%2Fwp%2Fv2%2Fcomments&post=6411"}],"version-history":[{"count":0,"href":"https:\/\/archive.sana.sy\/tr\/index.php?rest_route=\/wp\/v2\/posts\/6411\/revisions"}],"wp:featuredmedia":[{"embeddable":true,"href":"https:\/\/archive.sana.sy\/tr\/index.php?rest_route=\/wp\/v2\/media\/6412"}],"wp:attachment":[{"href":"https:\/\/archive.sana.sy\/tr\/index.php?rest_route=%2Fwp%2Fv2%2Fmedia&parent=6411"}],"wp:term":[{"taxonomy":"category","embeddable":true,"href":"https:\/\/archive.sana.sy\/tr\/index.php?rest_route=%2Fwp%2Fv2%2Fcategories&post=6411"},{"taxonomy":"post_tag","embeddable":true,"href":"https:\/\/archive.sana.sy\/tr\/index.php?rest_route=%2Fwp%2Fv2%2Ftags&post=6411"}],"curies":[{"name":"wp","href":"https:\/\/api.w.org\/{rel}","templated":true}]}}