{"id":64126,"date":"2016-03-09T12:52:28","date_gmt":"2016-03-09T10:52:28","guid":{"rendered":"http:\/\/www.sana.sy\/tr\/?p=64126"},"modified":"2016-03-11T11:39:33","modified_gmt":"2016-03-11T09:39:33","slug":"suveydada-yine-cephane-yuklu-arac-yakalandi","status":"publish","type":"post","link":"https:\/\/archive.sana.sy\/tr\/?p=64126","title":{"rendered":"S\u00fcveyda\u2019da Yine Cephane Y\u00fckl\u00fc Ara\u00e7 Yakaland\u0131 (video)"},"content":{"rendered":"<p>S\u00dcVEYDA \u2013 G\u00fcvenlik birimleri bug\u00fcn S\u00fcveyda k\u0131rsal\u0131n\u0131n g\u00fcneyinde il k\u0131rsal\u0131n\u0131n do\u011fusu ve kuzeyinde Badiye B\u00f6lgesindeki tekfirci ter\u00f6ristlerin istikametinde seyir eden silah ve m\u00fchimmat y\u00fckl\u00fc bir ara\u00e7 yakalad\u0131.<\/p>\n<p>S\u00fcveyda Valili\u011finde yetkili bir kaynak SANA\u2019ya a\u00e7\u0131klamas\u0131nda; ter\u00f6ristlerin kulland\u0131klar\u0131 ge\u00e7it ve eksenlerin takibe al\u0131nmas\u0131yla elde edilen bilgiler \u00fczerinde g\u00fcvenlik birimlerinin g\u00fcn\u00fcn erken saatlerinde harekete ge\u00e7tiklerini ifade etti. Dera k\u0131rsal\u0131n\u0131n Busra el \u015eam Kentinin g\u00fcneybat\u0131s\u0131na d\u00fc\u015fen Smad K\u00f6y\u00fcnden S\u00fcveyda k\u0131rsal\u0131n\u0131n g\u00fcneyi Bekke K\u00f6y\u00fc istikametinde seyir eden bir arac\u0131 yakalad\u0131klar\u0131n\u0131 belirten kaynak; ara\u00e7ta b\u00fcy\u00fck miktarda ve muhtelif t\u00fcrlerde f\u00fczelerin yan\u0131 s\u0131ra havan ve top mermileri, may\u0131nlar ve yakla\u015f\u0131k yar\u0131m ton TNT tipi patlay\u0131c\u0131 bulundu\u011funu s\u00f6yledi.<\/p>\n<p>Bu arada g\u00fcvenlik birimleri son zamanda S\u00fcveyda k\u0131rsal\u0131nda yine cephane y\u00fckl\u00fc \u00e7ok say\u0131da ara\u00e7 ele ge\u00e7irdi.<\/p>\n<div id='gallery-1' class='gallery galleryid-64126 gallery-columns-2 gallery-size-medium'><figure class='gallery-item'>\n\t\t\t<div class='gallery-icon landscape'>\n\t\t\t\t<a href='https:\/\/archive.sana.sy\/tr\/wp-content\/uploads\/2016\/03\/3-14.jpg'><img loading=\"lazy\" decoding=\"async\" width=\"300\" height=\"180\" src=\"https:\/\/archive.sana.sy\/tr\/wp-content\/uploads\/2016\/03\/3-14-300x180.jpg\" class=\"attachment-medium size-medium\" alt=\"\" srcset=\"https:\/\/archive.sana.sy\/tr\/wp-content\/uploads\/2016\/03\/3-14-300x180.jpg 300w, https:\/\/archive.sana.sy\/tr\/wp-content\/uploads\/2016\/03\/3-14-150x90.jpg 150w, https:\/\/archive.sana.sy\/tr\/wp-content\/uploads\/2016\/03\/3-14-768x461.jpg 768w, https:\/\/archive.sana.sy\/tr\/wp-content\/uploads\/2016\/03\/3-14-1024x614.jpg 1024w, https:\/\/archive.sana.sy\/tr\/wp-content\/uploads\/2016\/03\/3-14.jpg 1280w\" sizes=\"auto, (max-width: 300px) 100vw, 300px\" \/><\/a>\n\t\t\t<\/div><\/figure><figure class='gallery-item'>\n\t\t\t<div class='gallery-icon landscape'>\n\t\t\t\t<a href='https:\/\/archive.sana.sy\/tr\/wp-content\/uploads\/2016\/03\/1-23.jpg'><img loading=\"lazy\" decoding=\"async\" width=\"300\" height=\"180\" src=\"https:\/\/archive.sana.sy\/tr\/wp-content\/uploads\/2016\/03\/1-23-300x180.jpg\" class=\"attachment-medium size-medium\" alt=\"\" srcset=\"https:\/\/archive.sana.sy\/tr\/wp-content\/uploads\/2016\/03\/1-23-300x180.jpg 300w, https:\/\/archive.sana.sy\/tr\/wp-content\/uploads\/2016\/03\/1-23-150x90.jpg 150w, https:\/\/archive.sana.sy\/tr\/wp-content\/uploads\/2016\/03\/1-23-768x461.jpg 768w, https:\/\/archive.sana.sy\/tr\/wp-content\/uploads\/2016\/03\/1-23-1024x614.jpg 1024w, https:\/\/archive.sana.sy\/tr\/wp-content\/uploads\/2016\/03\/1-23.jpg 1280w\" sizes=\"auto, (max-width: 300px) 100vw, 300px\" \/><\/a>\n\t\t\t<\/div><\/figure>\n\t\t<\/div>\n\n<p>https:\/\/www.youtube.com\/watch?v=UtrZN0XNquc<\/p>\n<p>R.H.<\/p>\n","protected":false},"excerpt":{"rendered":"<p>S\u00dcVEYDA \u2013 G\u00fcvenlik birimleri bug\u00fcn S\u00fcveyda k\u0131rsal\u0131n\u0131n g\u00fcneyinde il k\u0131rsal\u0131n\u0131n do\u011fusu ve kuzeyinde Badiye B\u00f6lgesindeki tekfirci ter\u00f6ristlerin istikametinde seyir eden silah ve m\u00fchimmat y\u00fckl\u00fc bir ara\u00e7 yakalad\u0131. S\u00fcveyda Valili\u011finde yetkili bir kaynak SANA\u2019ya a\u00e7\u0131klamas\u0131nda; ter\u00f6ristlerin kulland\u0131klar\u0131 ge\u00e7it ve eksenlerin takibe al\u0131nmas\u0131yla elde edilen bilgiler \u00fczerinde g\u00fcvenlik birimlerinin g\u00fcn\u00fcn erken saatlerinde harekete ge\u00e7tiklerini ifade etti. Dera &hellip;<\/p>\n","protected":false},"author":1,"featured_media":64130,"comment_status":"closed","ping_status":"closed","sticky":false,"template":"","format":"standard","meta":{"footnotes":""},"categories":[575,17988],"tags":[19756],"class_list":["post-64126","post","type-post","status-publish","format-standard","has-post-thumbnail","","category-olaylar-ve-gercekler","category-son-haberler","tag-suveydada-yine-cephane-yuklu-arac-yakalandi"],"_links":{"self":[{"href":"https:\/\/archive.sana.sy\/tr\/index.php?rest_route=\/wp\/v2\/posts\/64126","targetHints":{"allow":["GET"]}}],"collection":[{"href":"https:\/\/archive.sana.sy\/tr\/index.php?rest_route=\/wp\/v2\/posts"}],"about":[{"href":"https:\/\/archive.sana.sy\/tr\/index.php?rest_route=\/wp\/v2\/types\/post"}],"author":[{"embeddable":true,"href":"https:\/\/archive.sana.sy\/tr\/index.php?rest_route=\/wp\/v2\/users\/1"}],"replies":[{"embeddable":true,"href":"https:\/\/archive.sana.sy\/tr\/index.php?rest_route=%2Fwp%2Fv2%2Fcomments&post=64126"}],"version-history":[{"count":0,"href":"https:\/\/archive.sana.sy\/tr\/index.php?rest_route=\/wp\/v2\/posts\/64126\/revisions"}],"wp:featuredmedia":[{"embeddable":true,"href":"https:\/\/archive.sana.sy\/tr\/index.php?rest_route=\/wp\/v2\/media\/64130"}],"wp:attachment":[{"href":"https:\/\/archive.sana.sy\/tr\/index.php?rest_route=%2Fwp%2Fv2%2Fmedia&parent=64126"}],"wp:term":[{"taxonomy":"category","embeddable":true,"href":"https:\/\/archive.sana.sy\/tr\/index.php?rest_route=%2Fwp%2Fv2%2Fcategories&post=64126"},{"taxonomy":"post_tag","embeddable":true,"href":"https:\/\/archive.sana.sy\/tr\/index.php?rest_route=%2Fwp%2Fv2%2Ftags&post=64126"}],"curies":[{"name":"wp","href":"https:\/\/api.w.org\/{rel}","templated":true}]}}