{"id":64234,"date":"2016-03-10T09:01:57","date_gmt":"2016-03-10T07:01:57","guid":{"rendered":"http:\/\/www.sana.sy\/tr\/?p=64234"},"modified":"2016-03-10T14:28:05","modified_gmt":"2016-03-10T12:28:05","slug":"teroristler-tarihi-mirasa-buyuk-zarar-verdi","status":"publish","type":"post","link":"https:\/\/archive.sana.sy\/tr\/?p=64234","title":{"rendered":"Ter\u00f6ristler Tarihi Mirasa B\u00fcy\u00fck Zarar Verdi"},"content":{"rendered":"<p>PAR\u0130S \u2013 K\u00fclt\u00fcr Bakanl\u0131\u011f\u0131nda M\u00fcze ve Arkeoloji Genel M\u00fcd\u00fcr\u00fc Mamun Abd\u00fclkerim uluslar aras\u0131 toplumdan Suriye&#8217;de k\u00fclt\u00fcrel ve tarihi miras\u0131n ter\u00f6r \u00f6rg\u00fctleri taraf\u0131ndan ya\u011fmalan\u0131p \u00e7al\u0131nmas\u0131na son verilmesine yard\u0131mc\u0131 olmaya \u00e7a\u011f\u0131rd\u0131.<\/p>\n<p>Uluslararas\u0131 polis te\u015fkilat\u0131 Interpol\u2019un Fransa&#8217;da \u00e7al\u0131nty\u0131 k\u00fclt\u00fcrel miras konulu toplant\u0131s\u0131nda konu\u015fan Abd\u00fclkerim; \u00e7al\u0131nt\u0131 tarihi eser ve petrol ticaretinde I\u015e\u0130D, Nusra Cephesi ve di\u011fer ter\u00f6r \u00f6rg\u00fctlerle i\u015fbirli\u011fini BM misak\u0131n\u0131n yedinci bendi alt\u0131nda al\u0131nan BMGK\u2019nin 2199 say\u0131l\u0131 karar\u0131n\u0131n ciddi ve d\u00fcr\u00fcst bir \u015fekilde hayata ge\u00e7irilmesine \u00e7a\u011fr\u0131 yapt\u0131. Abd\u00fclkerim bu yasad\u0131\u015f\u0131 ticaret ve ya\u011fmalaman\u0131n \u00f6n\u00fcn\u00fc kapatma amac\u0131yla Suriye&#8217;ye kom\u015fu devletlerin s\u0131n\u0131rlar\u0131n\u0131n s\u0131k\u0131 bir \u015fekilde denetlenmesi gere\u011finin alt\u0131n\u0131 \u00e7izdi.<\/p>\n<p>Suriye&#8217;de yasa d\u0131\u015f\u0131 yollarla yap\u0131lan tarihi eser kaz\u0131lar\u0131 ve bu kaz\u0131lar\u0131n bilin\u00e7siz yap\u0131lmas\u0131yla tarihi mirasa verilen zarara \u0131\u015f\u0131k tutan Abd\u00fclkerim; tekfirci ter\u00f6ristlerin Suriye&#8217;de telafisi m\u00fcmk\u00fcn olmayan eserleri tahrip edip par\u00e7alad\u0131\u011f\u0131na dikkat \u00e7ekti.<\/p>\n","protected":false},"excerpt":{"rendered":"<p>PAR\u0130S \u2013 K\u00fclt\u00fcr Bakanl\u0131\u011f\u0131nda M\u00fcze ve Arkeoloji Genel M\u00fcd\u00fcr\u00fc Mamun Abd\u00fclkerim uluslar aras\u0131 toplumdan Suriye&#8217;de k\u00fclt\u00fcrel ve tarihi miras\u0131n ter\u00f6r \u00f6rg\u00fctleri taraf\u0131ndan ya\u011fmalan\u0131p \u00e7al\u0131nmas\u0131na son verilmesine yard\u0131mc\u0131 olmaya \u00e7a\u011f\u0131rd\u0131. Uluslararas\u0131 polis te\u015fkilat\u0131 Interpol\u2019un Fransa&#8217;da \u00e7al\u0131nty\u0131 k\u00fclt\u00fcrel miras konulu toplant\u0131s\u0131nda konu\u015fan Abd\u00fclkerim; \u00e7al\u0131nt\u0131 tarihi eser ve petrol ticaretinde I\u015e\u0130D, Nusra Cephesi ve di\u011fer ter\u00f6r \u00f6rg\u00fctlerle i\u015fbirli\u011fini &hellip;<\/p>\n","protected":false},"author":1,"featured_media":64246,"comment_status":"closed","ping_status":"closed","sticky":false,"template":"","format":"standard","meta":{"footnotes":""},"categories":[458,516,459,511,17988],"tags":[19769,19768],"class_list":["post-64234","post","type-post","status-publish","format-standard","has-post-thumbnail","","category-dunya1","category-haberler-kultur-ve-sanat","category-haberler-arap-uluslararasi-politika","category-kultur-ve-sanat","category-son-haberler","tag-muze-ve-arkeoloji-genel-muduru-mamun-abdulkerim","tag-teroristler-tarihi-mirasa-buyuk-zarar-verdi"],"_links":{"self":[{"href":"https:\/\/archive.sana.sy\/tr\/index.php?rest_route=\/wp\/v2\/posts\/64234","targetHints":{"allow":["GET"]}}],"collection":[{"href":"https:\/\/archive.sana.sy\/tr\/index.php?rest_route=\/wp\/v2\/posts"}],"about":[{"href":"https:\/\/archive.sana.sy\/tr\/index.php?rest_route=\/wp\/v2\/types\/post"}],"author":[{"embeddable":true,"href":"https:\/\/archive.sana.sy\/tr\/index.php?rest_route=\/wp\/v2\/users\/1"}],"replies":[{"embeddable":true,"href":"https:\/\/archive.sana.sy\/tr\/index.php?rest_route=%2Fwp%2Fv2%2Fcomments&post=64234"}],"version-history":[{"count":0,"href":"https:\/\/archive.sana.sy\/tr\/index.php?rest_route=\/wp\/v2\/posts\/64234\/revisions"}],"wp:featuredmedia":[{"embeddable":true,"href":"https:\/\/archive.sana.sy\/tr\/index.php?rest_route=\/wp\/v2\/media\/64246"}],"wp:attachment":[{"href":"https:\/\/archive.sana.sy\/tr\/index.php?rest_route=%2Fwp%2Fv2%2Fmedia&parent=64234"}],"wp:term":[{"taxonomy":"category","embeddable":true,"href":"https:\/\/archive.sana.sy\/tr\/index.php?rest_route=%2Fwp%2Fv2%2Fcategories&post=64234"},{"taxonomy":"post_tag","embeddable":true,"href":"https:\/\/archive.sana.sy\/tr\/index.php?rest_route=%2Fwp%2Fv2%2Ftags&post=64234"}],"curies":[{"name":"wp","href":"https:\/\/api.w.org\/{rel}","templated":true}]}}