{"id":64250,"date":"2016-03-10T14:16:21","date_gmt":"2016-03-10T12:16:21","guid":{"rendered":"http:\/\/www.sana.sy\/tr\/?p=64250"},"modified":"2016-03-11T17:37:19","modified_gmt":"2016-03-11T15:37:19","slug":"basari-ve-yaraticilik-kurumu-teskil-ediliyor","status":"publish","type":"post","link":"https:\/\/archive.sana.sy\/tr\/?p=64250","title":{"rendered":"Ba\u015far\u0131 ve Yarat\u0131c\u0131l\u0131k Kurumu Te\u015fkil Ediliyor"},"content":{"rendered":"<p>\u015eAM &#8211; Cumhurba\u015fkan\u0131 Be\u015f\u015far el Esad bug\u00fcn yetenekli ve yarat\u0131c\u0131lara destek ba\u011flam\u0131nda Ba\u015far\u0131 ve Yarat\u0131c\u0131l\u0131k Kamu Kurumu ad\u0131 alt\u0131nda bir kurumun te\u015fkil edilmesini \u00f6ng\u00f6ren 2016\/11 say\u0131l\u0131 kanunnameyi onaylad\u0131.<\/p>\n<p>Halk Meclisinin tart\u0131\u015fmas\u0131 ve onaylamas\u0131 ard\u0131ndan anayasa kapsam\u0131nda Cumhurba\u015fkanl\u0131\u011f\u0131n\u0131n onay\u0131na sevk edilen kanunname gere\u011fince kurulacak kurum bilimsel \u00f6zelli\u011fe sahip t\u00fczel bir ki\u015fili\u011fe sahip olacak. Kurumun ana merkezi ise \u015eam\u2019da olacak.<\/p>\n","protected":false},"excerpt":{"rendered":"<p>\u015eAM &#8211; Cumhurba\u015fkan\u0131 Be\u015f\u015far el Esad bug\u00fcn yetenekli ve yarat\u0131c\u0131lara destek ba\u011flam\u0131nda Ba\u015far\u0131 ve Yarat\u0131c\u0131l\u0131k Kamu Kurumu ad\u0131 alt\u0131nda bir kurumun te\u015fkil edilmesini \u00f6ng\u00f6ren 2016\/11 say\u0131l\u0131 kanunnameyi onaylad\u0131. Halk Meclisinin tart\u0131\u015fmas\u0131 ve onaylamas\u0131 ard\u0131ndan anayasa kapsam\u0131nda Cumhurba\u015fkanl\u0131\u011f\u0131n\u0131n onay\u0131na sevk edilen kanunname gere\u011fince kurulacak kurum bilimsel \u00f6zelli\u011fe sahip t\u00fczel bir ki\u015fili\u011fe sahip olacak. Kurumun ana merkezi &hellip;<\/p>\n","protected":false},"author":1,"featured_media":57455,"comment_status":"closed","ping_status":"closed","sticky":false,"template":"","format":"standard","meta":{"footnotes":""},"categories":[479,605,612,599,478],"tags":[19771,17256,8767,18423,16714],"class_list":["post-64250","post","type-post","status-publish","format-standard","has-post-thumbnail","","category-haberler-yerel","category-sayin-cumhurbaskani","category-yasama-kararnameler","category-yasama-ve-kanunlar","category-yerel","tag-basari-ve-yaraticilik-kurumu-teskil-ediliyor","tag-bessar-el-esad","tag-cumhurbaskani","tag-kanunname","tag-yasama-karari"],"_links":{"self":[{"href":"https:\/\/archive.sana.sy\/tr\/index.php?rest_route=\/wp\/v2\/posts\/64250","targetHints":{"allow":["GET"]}}],"collection":[{"href":"https:\/\/archive.sana.sy\/tr\/index.php?rest_route=\/wp\/v2\/posts"}],"about":[{"href":"https:\/\/archive.sana.sy\/tr\/index.php?rest_route=\/wp\/v2\/types\/post"}],"author":[{"embeddable":true,"href":"https:\/\/archive.sana.sy\/tr\/index.php?rest_route=\/wp\/v2\/users\/1"}],"replies":[{"embeddable":true,"href":"https:\/\/archive.sana.sy\/tr\/index.php?rest_route=%2Fwp%2Fv2%2Fcomments&post=64250"}],"version-history":[{"count":0,"href":"https:\/\/archive.sana.sy\/tr\/index.php?rest_route=\/wp\/v2\/posts\/64250\/revisions"}],"wp:featuredmedia":[{"embeddable":true,"href":"https:\/\/archive.sana.sy\/tr\/index.php?rest_route=\/wp\/v2\/media\/57455"}],"wp:attachment":[{"href":"https:\/\/archive.sana.sy\/tr\/index.php?rest_route=%2Fwp%2Fv2%2Fmedia&parent=64250"}],"wp:term":[{"taxonomy":"category","embeddable":true,"href":"https:\/\/archive.sana.sy\/tr\/index.php?rest_route=%2Fwp%2Fv2%2Fcategories&post=64250"},{"taxonomy":"post_tag","embeddable":true,"href":"https:\/\/archive.sana.sy\/tr\/index.php?rest_route=%2Fwp%2Fv2%2Ftags&post=64250"}],"curies":[{"name":"wp","href":"https:\/\/api.w.org\/{rel}","templated":true}]}}