{"id":64255,"date":"2016-03-10T10:45:16","date_gmt":"2016-03-10T08:45:16","guid":{"rendered":"http:\/\/www.sana.sy\/tr\/?p=64255"},"modified":"2016-03-10T14:33:21","modified_gmt":"2016-03-10T12:33:21","slug":"sanaya-aciklama-yapan-askeri-kaynak-hama-kirsalinin-kuzeyinde-turkiye-ve-suudi-arabistan-rejimlerine-tabi-olarak-teror-estiren-kaide-orgutunun-suriye-kolu-nusra-cephesinin-ray-dagi-civari-me","status":"publish","type":"post","link":"https:\/\/archive.sana.sy\/tr\/?p=64255","title":{"rendered":"SANA\u2019ya a\u00e7\u0131klama yapan askeri kaynak Hama k\u0131rsal\u0131n\u0131n kuzeyinde T\u00fcrkiye ve Suudi Arabistan rejimlerine tabi olarak ter\u00f6r estiren Kaide \u00d6rg\u00fct\u00fcn\u00fcn Suriye kolu Nusra Cephesinin Ray Da\u011f\u0131 Civar\u0131, Mean, T\u0131ybat el \u0130sm ve \u015eaita b\u00f6lgelerine sald\u0131r\u0131 giri\u015fimlerini ba\u015far\u0131yla \u00e7\u00f6kerttiklerini belirtti"},"content":{"rendered":"<p>SANA\u2019ya a\u00e7\u0131klama yapan askeri kaynak Hama k\u0131rsal\u0131n\u0131n kuzeyinde T\u00fcrkiye ve Suudi Arabistan rejimlerine tabi olarak ter\u00f6r estiren Kaide \u00d6rg\u00fct\u00fcn\u00fcn Suriye kolu Nusra Cephesinin Ray Da\u011f\u0131 Civar\u0131, Mean, T\u0131ybat el \u0130sm ve \u015eaita b\u00f6lgelerine sald\u0131r\u0131 giri\u015fimlerini ba\u015far\u0131yla \u00e7\u00f6kerttiklerini belirtti<\/p>\n","protected":false},"excerpt":{"rendered":"<p>SANA\u2019ya a\u00e7\u0131klama yapan askeri kaynak Hama k\u0131rsal\u0131n\u0131n kuzeyinde T\u00fcrkiye ve Suudi Arabistan rejimlerine tabi olarak ter\u00f6r estiren Kaide \u00d6rg\u00fct\u00fcn\u00fcn Suriye kolu Nusra Cephesinin Ray Da\u011f\u0131 Civar\u0131, Mean, T\u0131ybat el \u0130sm ve \u015eaita b\u00f6lgelerine sald\u0131r\u0131 giri\u015fimlerini ba\u015far\u0131yla \u00e7\u00f6kerttiklerini belirtti<\/p>\n","protected":false},"author":1,"featured_media":0,"comment_status":"closed","ping_status":"closed","sticky":false,"template":"","format":"standard","meta":{"footnotes":""},"categories":[17991],"tags":[],"class_list":["post-64255","post","type-post","status-publish","format-standard","","category-son-dakika"],"_links":{"self":[{"href":"https:\/\/archive.sana.sy\/tr\/index.php?rest_route=\/wp\/v2\/posts\/64255","targetHints":{"allow":["GET"]}}],"collection":[{"href":"https:\/\/archive.sana.sy\/tr\/index.php?rest_route=\/wp\/v2\/posts"}],"about":[{"href":"https:\/\/archive.sana.sy\/tr\/index.php?rest_route=\/wp\/v2\/types\/post"}],"author":[{"embeddable":true,"href":"https:\/\/archive.sana.sy\/tr\/index.php?rest_route=\/wp\/v2\/users\/1"}],"replies":[{"embeddable":true,"href":"https:\/\/archive.sana.sy\/tr\/index.php?rest_route=%2Fwp%2Fv2%2Fcomments&post=64255"}],"version-history":[{"count":0,"href":"https:\/\/archive.sana.sy\/tr\/index.php?rest_route=\/wp\/v2\/posts\/64255\/revisions"}],"wp:attachment":[{"href":"https:\/\/archive.sana.sy\/tr\/index.php?rest_route=%2Fwp%2Fv2%2Fmedia&parent=64255"}],"wp:term":[{"taxonomy":"category","embeddable":true,"href":"https:\/\/archive.sana.sy\/tr\/index.php?rest_route=%2Fwp%2Fv2%2Fcategories&post=64255"},{"taxonomy":"post_tag","embeddable":true,"href":"https:\/\/archive.sana.sy\/tr\/index.php?rest_route=%2Fwp%2Fv2%2Ftags&post=64255"}],"curies":[{"name":"wp","href":"https:\/\/api.w.org\/{rel}","templated":true}]}}