{"id":64272,"date":"2016-03-10T15:53:45","date_gmt":"2016-03-10T13:53:45","guid":{"rendered":"http:\/\/www.sana.sy\/tr\/?p=64272"},"modified":"2016-03-11T15:22:46","modified_gmt":"2016-03-11T13:22:46","slug":"miting-katilimcilari-secimlere-katilimin-onemine-isik-tuttu","status":"publish","type":"post","link":"https:\/\/archive.sana.sy\/tr\/?p=64272","title":{"rendered":"Miting Kat\u0131l\u0131mc\u0131lar\u0131 Se\u00e7imlere Kat\u0131l\u0131m\u0131n \u00d6nemine I\u015f\u0131k Tuttu"},"content":{"rendered":"<p>\u015eAM \u2013 Ba\u015fkent \u015eam\u2019\u0131n Burc el Rus Meydan\u0131nda d\u00fczenlenen kitlesel miting kat\u0131l\u0131mc\u0131lar\u0131; 13 Nisanda yap\u0131lmas\u0131 beklenen Halk Meclisi se\u00e7imlerine geni\u015f kat\u0131l\u0131m\u0131n \u00f6nemini vurgulad\u0131.<\/p>\n<p>Mitingde yap\u0131lan konu\u015fmalarda halk\u0131n kendilerini uygun ve etkin bir \u015fekilde temsil edecek idealleri ve talepleri do\u011frultusunda faaliyet g\u00f6sterecek milletvekillerini belirlemek i\u00e7in se\u00e7imlere kat\u0131lmalar\u0131n\u0131n \u00f6nemine \u0131\u015f\u0131k tuttu.<\/p>\n<p>A\u015firet liderleri, bariz sosyal \u015fahsiyetler ve sivil toplum faaliyetlerinin kat\u0131ld\u0131klar\u0131 mitingde yap\u0131lan konu\u015fmalarda Suriye&#8217;nin birlik beraberli\u011fini koruyacak, halk\u0131n idealleri ve ihtiya\u00e7lar\u0131 do\u011frultusunda \u00e7al\u0131\u015facak adaylar\u0131 se\u00e7mek i\u00e7in se\u00e7imlere kat\u0131lacaklar\u0131n\u0131 ifade etti. Konu\u015fmac\u0131lar kad\u0131n\u0131n da toplum i\u00e7indeki rol\u00fcne dikkat \u00e7ekerken, kad\u0131n\u0131n parlamentoda yerini peki\u015ftirmesi gere\u011fini vurgulad\u0131.<\/p>\n<div id='gallery-1' class='gallery galleryid-64272 gallery-columns-2 gallery-size-thumbnail'><figure class='gallery-item'>\n\t\t\t<div class='gallery-icon landscape'>\n\t\t\t\t<a href='https:\/\/archive.sana.sy\/tr\/wp-content\/uploads\/2016\/03\/2-16.jpg'><img loading=\"lazy\" decoding=\"async\" width=\"150\" height=\"100\" src=\"https:\/\/archive.sana.sy\/tr\/wp-content\/uploads\/2016\/03\/2-16-150x100.jpg\" class=\"attachment-thumbnail size-thumbnail\" alt=\"\" srcset=\"https:\/\/archive.sana.sy\/tr\/wp-content\/uploads\/2016\/03\/2-16-150x100.jpg 150w, https:\/\/archive.sana.sy\/tr\/wp-content\/uploads\/2016\/03\/2-16-300x200.jpg 300w, https:\/\/archive.sana.sy\/tr\/wp-content\/uploads\/2016\/03\/2-16-768x511.jpg 768w, https:\/\/archive.sana.sy\/tr\/wp-content\/uploads\/2016\/03\/2-16-1024x681.jpg 1024w, https:\/\/archive.sana.sy\/tr\/wp-content\/uploads\/2016\/03\/2-16-310x205.jpg 310w\" sizes=\"auto, (max-width: 150px) 100vw, 150px\" \/><\/a>\n\t\t\t<\/div><\/figure><figure class='gallery-item'>\n\t\t\t<div class='gallery-icon landscape'>\n\t\t\t\t<a href='https:\/\/archive.sana.sy\/tr\/wp-content\/uploads\/2016\/03\/3-16.jpg'><img loading=\"lazy\" decoding=\"async\" width=\"150\" height=\"96\" src=\"https:\/\/archive.sana.sy\/tr\/wp-content\/uploads\/2016\/03\/3-16-150x96.jpg\" class=\"attachment-thumbnail size-thumbnail\" alt=\"\" srcset=\"https:\/\/archive.sana.sy\/tr\/wp-content\/uploads\/2016\/03\/3-16-150x96.jpg 150w, https:\/\/archive.sana.sy\/tr\/wp-content\/uploads\/2016\/03\/3-16-300x192.jpg 300w, https:\/\/archive.sana.sy\/tr\/wp-content\/uploads\/2016\/03\/3-16-768x492.jpg 768w, https:\/\/archive.sana.sy\/tr\/wp-content\/uploads\/2016\/03\/3-16-1024x657.jpg 1024w\" sizes=\"auto, (max-width: 150px) 100vw, 150px\" \/><\/a>\n\t\t\t<\/div><\/figure>\n\t\t<\/div>\n\n","protected":false},"excerpt":{"rendered":"<p>\u015eAM \u2013 Ba\u015fkent \u015eam\u2019\u0131n Burc el Rus Meydan\u0131nda d\u00fczenlenen kitlesel miting kat\u0131l\u0131mc\u0131lar\u0131; 13 Nisanda yap\u0131lmas\u0131 beklenen Halk Meclisi se\u00e7imlerine geni\u015f kat\u0131l\u0131m\u0131n \u00f6nemini vurgulad\u0131. Mitingde yap\u0131lan konu\u015fmalarda halk\u0131n kendilerini uygun ve etkin bir \u015fekilde temsil edecek idealleri ve talepleri do\u011frultusunda faaliyet g\u00f6sterecek milletvekillerini belirlemek i\u00e7in se\u00e7imlere kat\u0131lmalar\u0131n\u0131n \u00f6nemine \u0131\u015f\u0131k tuttu. A\u015firet liderleri, bariz sosyal \u015fahsiyetler ve &hellip;<\/p>\n","protected":false},"author":1,"featured_media":64275,"comment_status":"closed","ping_status":"closed","sticky":false,"template":"","format":"standard","meta":{"footnotes":""},"categories":[479,17988,478],"tags":[],"class_list":["post-64272","post","type-post","status-publish","format-standard","has-post-thumbnail","","category-haberler-yerel","category-son-haberler","category-yerel"],"_links":{"self":[{"href":"https:\/\/archive.sana.sy\/tr\/index.php?rest_route=\/wp\/v2\/posts\/64272","targetHints":{"allow":["GET"]}}],"collection":[{"href":"https:\/\/archive.sana.sy\/tr\/index.php?rest_route=\/wp\/v2\/posts"}],"about":[{"href":"https:\/\/archive.sana.sy\/tr\/index.php?rest_route=\/wp\/v2\/types\/post"}],"author":[{"embeddable":true,"href":"https:\/\/archive.sana.sy\/tr\/index.php?rest_route=\/wp\/v2\/users\/1"}],"replies":[{"embeddable":true,"href":"https:\/\/archive.sana.sy\/tr\/index.php?rest_route=%2Fwp%2Fv2%2Fcomments&post=64272"}],"version-history":[{"count":0,"href":"https:\/\/archive.sana.sy\/tr\/index.php?rest_route=\/wp\/v2\/posts\/64272\/revisions"}],"wp:featuredmedia":[{"embeddable":true,"href":"https:\/\/archive.sana.sy\/tr\/index.php?rest_route=\/wp\/v2\/media\/64275"}],"wp:attachment":[{"href":"https:\/\/archive.sana.sy\/tr\/index.php?rest_route=%2Fwp%2Fv2%2Fmedia&parent=64272"}],"wp:term":[{"taxonomy":"category","embeddable":true,"href":"https:\/\/archive.sana.sy\/tr\/index.php?rest_route=%2Fwp%2Fv2%2Fcategories&post=64272"},{"taxonomy":"post_tag","embeddable":true,"href":"https:\/\/archive.sana.sy\/tr\/index.php?rest_route=%2Fwp%2Fv2%2Ftags&post=64272"}],"curies":[{"name":"wp","href":"https:\/\/api.w.org\/{rel}","templated":true}]}}