{"id":64281,"date":"2016-03-10T16:08:21","date_gmt":"2016-03-10T14:08:21","guid":{"rendered":"http:\/\/www.sana.sy\/tr\/?p=64281"},"modified":"2016-03-11T15:22:40","modified_gmt":"2016-03-11T13:22:40","slug":"siyasi-surecin-seyri-ve-multeciler-meselesini-gorustuler","status":"publish","type":"post","link":"https:\/\/archive.sana.sy\/tr\/?p=64281","title":{"rendered":"Siyasi S\u00fcrecin Seyri ve M\u00fclteciler Meselesini G\u00f6r\u00fc\u015ft\u00fcler"},"content":{"rendered":"<p>MOSKOVA \u2013 Rusya Ba\u015fkan\u0131 Vladimir Putin, Suriye&#8217;de \u00e7at\u0131\u015fmalar\u0131 durdurma anla\u015fmas\u0131n\u0131n hayata ge\u00e7irilmesini, \u00fclkedeki krizin siyasi \u00e7\u00f6z\u00fcm\u00fc y\u00f6n\u00fcnde \u00f6nemli bir ad\u0131m te\u015fkil etti\u011fini belirtti.<\/p>\n<p>Rusya Ba\u015fkanl\u0131k Saray\u0131 Kremlinin bas\u0131n ofisi bug\u00fcn yay\u0131nlad\u0131\u011f\u0131 b\u00fcltende; Putin\u2019in bug\u00fcn Yunanistan Ba\u015fbakan\u0131 Alexis Tsipras ile bulundu\u011fu telefon g\u00f6r\u00fc\u015fmesinde Suriye&#8217;deki krize siyasi \u00e7\u00f6z\u00fcm s\u00fcrecinin seyri ve AB\u2019nin kar\u015f\u0131 kar\u015f\u0131ya oldu\u011fu m\u00fclteci meselesini ele ald\u0131\u011f\u0131n\u0131 belirtti. B\u00fcltenden iki taraf\u0131n Suriye&#8217;deki krizin \u00e7\u00f6z\u00fcm\u00fcne odakland\u0131klar\u0131n\u0131, \u00e7at\u0131\u015fmalar\u0131 durdurma anla\u015fmas\u0131n\u0131n y\u00fcr\u00fcrl\u00fckte kalmas\u0131 gere\u011fini vurgulad\u0131klar\u0131 ifade edildi.<\/p>\n<p>Telefon g\u00f6r\u00fc\u015fmesinde Putin; Suriye&#8217;de durumlar\u0131n normale d\u00f6n\u00fc\u015fmesi, g\u00fcvenlik ve istikrar\u0131n sa\u011flanmas\u0131 ve insani durumlar\u0131n iyile\u015ftirilmesi i\u00e7in anla\u015fman\u0131n y\u00fcr\u00fcrl\u00fckte kalmas\u0131 ve peki\u015ftirilmesi gere\u011fini belirtti.<\/p>\n<p>Rusya&#8217;n\u0131n Suriye&#8217;deki krizin \u00e7\u00f6z\u00fcm\u00fc ve \u00e7at\u0131\u015fmalar\u0131 durdurma anla\u015fmas\u0131n\u0131n y\u00fcr\u00fcrl\u00fckte kalmas\u0131 i\u00e7in g\u00f6sterdi\u011fi ilgi ve \u00f6zenin takdire \u015fayan oldu\u011funu ifade eden Yunanistan Ba\u015fbakan\u0131 Tsipras; AB\u2019nin m\u00fclteciler meselesinin \u00e7\u00f6z\u00fcm\u00fc i\u00e7in ald\u0131\u011f\u0131 icraatlar konusunda Putin\u2019e bilgi aktard\u0131.<\/p>\n","protected":false},"excerpt":{"rendered":"<p>MOSKOVA \u2013 Rusya Ba\u015fkan\u0131 Vladimir Putin, Suriye&#8217;de \u00e7at\u0131\u015fmalar\u0131 durdurma anla\u015fmas\u0131n\u0131n hayata ge\u00e7irilmesini, \u00fclkedeki krizin siyasi \u00e7\u00f6z\u00fcm\u00fc y\u00f6n\u00fcnde \u00f6nemli bir ad\u0131m te\u015fkil etti\u011fini belirtti. Rusya Ba\u015fkanl\u0131k Saray\u0131 Kremlinin bas\u0131n ofisi bug\u00fcn yay\u0131nlad\u0131\u011f\u0131 b\u00fcltende; Putin\u2019in bug\u00fcn Yunanistan Ba\u015fbakan\u0131 Alexis Tsipras ile bulundu\u011fu telefon g\u00f6r\u00fc\u015fmesinde Suriye&#8217;deki krize siyasi \u00e7\u00f6z\u00fcm s\u00fcrecinin seyri ve AB\u2019nin kar\u015f\u0131 kar\u015f\u0131ya oldu\u011fu m\u00fclteci meselesini &hellip;<\/p>\n","protected":false},"author":1,"featured_media":64284,"comment_status":"closed","ping_status":"closed","sticky":false,"template":"","format":"standard","meta":{"footnotes":""},"categories":[458,459,17988],"tags":[],"class_list":["post-64281","post","type-post","status-publish","format-standard","has-post-thumbnail","","category-dunya1","category-haberler-arap-uluslararasi-politika","category-son-haberler"],"_links":{"self":[{"href":"https:\/\/archive.sana.sy\/tr\/index.php?rest_route=\/wp\/v2\/posts\/64281","targetHints":{"allow":["GET"]}}],"collection":[{"href":"https:\/\/archive.sana.sy\/tr\/index.php?rest_route=\/wp\/v2\/posts"}],"about":[{"href":"https:\/\/archive.sana.sy\/tr\/index.php?rest_route=\/wp\/v2\/types\/post"}],"author":[{"embeddable":true,"href":"https:\/\/archive.sana.sy\/tr\/index.php?rest_route=\/wp\/v2\/users\/1"}],"replies":[{"embeddable":true,"href":"https:\/\/archive.sana.sy\/tr\/index.php?rest_route=%2Fwp%2Fv2%2Fcomments&post=64281"}],"version-history":[{"count":0,"href":"https:\/\/archive.sana.sy\/tr\/index.php?rest_route=\/wp\/v2\/posts\/64281\/revisions"}],"wp:featuredmedia":[{"embeddable":true,"href":"https:\/\/archive.sana.sy\/tr\/index.php?rest_route=\/wp\/v2\/media\/64284"}],"wp:attachment":[{"href":"https:\/\/archive.sana.sy\/tr\/index.php?rest_route=%2Fwp%2Fv2%2Fmedia&parent=64281"}],"wp:term":[{"taxonomy":"category","embeddable":true,"href":"https:\/\/archive.sana.sy\/tr\/index.php?rest_route=%2Fwp%2Fv2%2Fcategories&post=64281"},{"taxonomy":"post_tag","embeddable":true,"href":"https:\/\/archive.sana.sy\/tr\/index.php?rest_route=%2Fwp%2Fv2%2Ftags&post=64281"}],"curies":[{"name":"wp","href":"https:\/\/api.w.org\/{rel}","templated":true}]}}