{"id":64304,"date":"2016-03-11T11:00:46","date_gmt":"2016-03-11T09:00:46","guid":{"rendered":"http:\/\/www.sana.sy\/tr\/?p=64304"},"modified":"2016-03-11T11:25:43","modified_gmt":"2016-03-11T09:25:43","slug":"guvenlik-ve-istikrar-saglanan-guney-kesiminde-insani-faaliyetler-yogunlastirildi","status":"publish","type":"post","link":"https:\/\/archive.sana.sy\/tr\/?p=64304","title":{"rendered":"G\u00fcvenlik ve \u0130stikrar Sa\u011flanan G\u00fcney Kesiminde \u0130nsani Faaliyetler Yo\u011funla\u015ft\u0131r\u0131ld\u0131"},"content":{"rendered":"<p>HASEKE \u2013 Haseke Valisi Muhammed Zeal el Ali, Kam\u0131\u015fl\u0131 Kentinde BM \u0130nsani \u00c7al\u0131\u015fmalar Koordinasyon Ofisi M\u00fcd\u00fcr\u00fc IntaCarrero ile bir araya gelerek iki taraf aras\u0131nda b\u00fct\u00fcn alanlarda i\u015fbirli\u011fini, vatanda\u015flar\u0131n ya\u015fam standard\u0131na ve hizmet alan\u0131nda olumlu yans\u0131yacak \u015fekilde geli\u015ftirilmesi y\u00f6ntemlerini inceledi.<\/p>\n<p>Haseke\u2019de hizmet sekt\u00f6r\u00fcn\u00fc iyile\u015ftirme ama\u00e7l\u0131 kurulan komisyonlar ile insani yard\u0131m \u00f6rg\u00fctleri aras\u0131ndaki i\u015fbirli\u011fine \u00f6vg\u00fcl\u00fc c\u00fcmlelerle i\u015faret eden Ali, \u015fimdiki a\u015famada \u00e7al\u0131\u015fmalar\u0131n g\u00fcvenlik ve istikrar\u0131n sa\u011fland\u0131\u011f\u0131 g\u00fcney b\u00f6lgelerine yard\u0131m ve hizmet ula\u015ft\u0131r\u0131lmas\u0131 y\u00f6n\u00fcnde yo\u011funla\u015ft\u0131r\u0131ld\u0131\u011f\u0131n\u0131 belirtti.<\/p>\n<p>Di\u011fer taraftan Haseke ilinin g\u00fcney kesiminin I\u015e\u0130D ter\u00f6r \u00f6rg\u00fct\u00fc taraf\u0131ndan uygulanan zul\u00fcm nedeniyle b\u00fcy\u00fck ac\u0131lar \u00e7ekti\u011fine i\u015faret eden Carrero; BM \u0130nsani \u00c7al\u0131\u015fmalar Koordinasyon Ofisinin bu b\u00f6lgedeki \u00e7al\u0131\u015fmalar\u0131n\u0131 yo\u011funla\u015ft\u0131rd\u0131\u011f\u0131n\u0131 ve h\u0131zland\u0131rd\u0131\u011f\u0131n\u0131 beyan etti.<\/p>\n<p>Bilinece\u011fi \u00fczere Haseke valili\u011fi g\u00fcney kesimlerde temel ihtiya\u00e7 ve hizmetlerin vatanda\u015flara en h\u0131zl\u0131 \u015fekilde ula\u015ft\u0131r\u0131lmas\u0131 amac\u0131yla b\u00fct\u00fcn alanlar\u0131 kapsayan bir plan haz\u0131rlayarak uygulamalar\u0131na ba\u015flam\u0131\u015ft\u0131.<\/p>\n<p>F.B. &#8211; R.H.<\/p>\n","protected":false},"excerpt":{"rendered":"<p>HASEKE \u2013 Haseke Valisi Muhammed Zeal el Ali, Kam\u0131\u015fl\u0131 Kentinde BM \u0130nsani \u00c7al\u0131\u015fmalar Koordinasyon Ofisi M\u00fcd\u00fcr\u00fc IntaCarrero ile bir araya gelerek iki taraf aras\u0131nda b\u00fct\u00fcn alanlarda i\u015fbirli\u011fini, vatanda\u015flar\u0131n ya\u015fam standard\u0131na ve hizmet alan\u0131nda olumlu yans\u0131yacak \u015fekilde geli\u015ftirilmesi y\u00f6ntemlerini inceledi. Haseke\u2019de hizmet sekt\u00f6r\u00fcn\u00fc iyile\u015ftirme ama\u00e7l\u0131 kurulan komisyonlar ile insani yard\u0131m \u00f6rg\u00fctleri aras\u0131ndaki i\u015fbirli\u011fine \u00f6vg\u00fcl\u00fc c\u00fcmlelerle i\u015faret &hellip;<\/p>\n","protected":false},"author":1,"featured_media":64308,"comment_status":"closed","ping_status":"closed","sticky":false,"template":"","format":"standard","meta":{"footnotes":""},"categories":[479,17988,478],"tags":[19784,16481],"class_list":["post-64304","post","type-post","status-publish","format-standard","has-post-thumbnail","","category-haberler-yerel","category-son-haberler","category-yerel","tag-guvenlik-ve-istikrar-saglanan-guney-kesiminde-insani-faaliyetler-yogunlastirildi","tag-haseke-valisi-muhammed-zeal-el-ali"],"_links":{"self":[{"href":"https:\/\/archive.sana.sy\/tr\/index.php?rest_route=\/wp\/v2\/posts\/64304","targetHints":{"allow":["GET"]}}],"collection":[{"href":"https:\/\/archive.sana.sy\/tr\/index.php?rest_route=\/wp\/v2\/posts"}],"about":[{"href":"https:\/\/archive.sana.sy\/tr\/index.php?rest_route=\/wp\/v2\/types\/post"}],"author":[{"embeddable":true,"href":"https:\/\/archive.sana.sy\/tr\/index.php?rest_route=\/wp\/v2\/users\/1"}],"replies":[{"embeddable":true,"href":"https:\/\/archive.sana.sy\/tr\/index.php?rest_route=%2Fwp%2Fv2%2Fcomments&post=64304"}],"version-history":[{"count":0,"href":"https:\/\/archive.sana.sy\/tr\/index.php?rest_route=\/wp\/v2\/posts\/64304\/revisions"}],"wp:featuredmedia":[{"embeddable":true,"href":"https:\/\/archive.sana.sy\/tr\/index.php?rest_route=\/wp\/v2\/media\/64308"}],"wp:attachment":[{"href":"https:\/\/archive.sana.sy\/tr\/index.php?rest_route=%2Fwp%2Fv2%2Fmedia&parent=64304"}],"wp:term":[{"taxonomy":"category","embeddable":true,"href":"https:\/\/archive.sana.sy\/tr\/index.php?rest_route=%2Fwp%2Fv2%2Fcategories&post=64304"},{"taxonomy":"post_tag","embeddable":true,"href":"https:\/\/archive.sana.sy\/tr\/index.php?rest_route=%2Fwp%2Fv2%2Ftags&post=64304"}],"curies":[{"name":"wp","href":"https:\/\/api.w.org\/{rel}","templated":true}]}}