{"id":64311,"date":"2016-03-11T11:10:20","date_gmt":"2016-03-11T09:10:20","guid":{"rendered":"http:\/\/www.sana.sy\/tr\/?p=64311"},"modified":"2016-03-11T11:28:11","modified_gmt":"2016-03-11T09:28:11","slug":"halaki-anlasmalar-yatirimlar-icin-yeni-bir-ufuk-aciyor","status":"publish","type":"post","link":"https:\/\/archive.sana.sy\/tr\/?p=64311","title":{"rendered":"Halaki: Anla\u015fmalar Yat\u0131r\u0131mlar \u0130\u00e7in Yeni Bir Ufuk A\u00e7\u0131yor"},"content":{"rendered":"<p>\u015eAM \u2013 Ba\u015fbakan Vail el Halaki, \u0130ran Maliye ve \u0130ktisat Bakan\u0131 Yard\u0131mc\u0131s\u0131 Ferhat Zerker ve ona e\u015flik eden heyetle bir araya gelerek iki taraf aras\u0131nda d\u00fczenlenen ve bir\u00e7ok anla\u015fma ve protokol\u00fcn imzalanmas\u0131yla sonu\u00e7lanan g\u00f6r\u00fc\u015fme ve toplant\u0131lar\u0131 de\u011ferlendirdi.<\/p>\n<p>\u0130ranl\u0131 Teknik ve \u0130ktisat heyetinin Suriye\u2019de ilgili bir\u00e7ok bakanl\u0131k ve kurum ile ula\u015ft\u0131\u011f\u0131 anla\u015fma ve protokollerden dolay\u0131 memnuniyetini dile getiren Halaki; teknik ve iktisadi komisyonlar\u0131n, iki \u00fclke ve halk\u0131n iradesi olarak somutla\u015fan \u00e7abalar\u0131n\u0131 \u00f6vg\u00fcl\u00fc c\u00fcmlelerle takdir etti\u011fini ve imzalanan anla\u015fma-protokollerin iki \u00fclke aras\u0131ndaki tarihi dostluk ili\u015fkilerinin bir yans\u0131mas\u0131 oldu\u011funu vurgulad\u0131.<\/p>\n<p>Taraflar aras\u0131nda imzalanan anla\u015fmalar\u0131n Suriye\u2019de \u00e7e\u015fitli yat\u0131r\u0131mlar yap\u0131lmas\u0131 ve ikili ili\u015fkilerin g\u00fc\u00e7lendirilmesi i\u00e7in yeni ufuklar a\u00e7t\u0131\u011f\u0131n\u0131 dile getiren Halaki, anla\u015fmalar\u0131n uygulama programlar\u0131yla birlikte haz\u0131rlanm\u0131\u015f olmas\u0131n\u0131n iki \u00fclke aras\u0131ndaki k\u00f6kl\u00fc i\u015fbirli\u011fi ili\u015fkilerinin bir sonucu oldu\u011funu beyan etti.<\/p>\n<p>Di\u011fer taraftan \u0130ran H\u00fck\u00fcmetinin Suriye\u2019nin direni\u015fini desteklemeye ve iki \u00fclke aras\u0131ndaki ortak \u00e7al\u0131\u015fmalar\u0131 aktifle\u015ftirmeye b\u00fcy\u00fck bir \u00f6nem verdi\u011fini dile getiren Zerker; \u0130ran\u2019\u0131n her ko\u015fulda Suriye\u2019nin yan\u0131nda yer alaca\u011f\u0131n\u0131 belirtti.<\/p>\n<p>F.B. &#8211; R.H.<\/p>\n","protected":false},"excerpt":{"rendered":"<p>\u015eAM \u2013 Ba\u015fbakan Vail el Halaki, \u0130ran Maliye ve \u0130ktisat Bakan\u0131 Yard\u0131mc\u0131s\u0131 Ferhat Zerker ve ona e\u015flik eden heyetle bir araya gelerek iki taraf aras\u0131nda d\u00fczenlenen ve bir\u00e7ok anla\u015fma ve protokol\u00fcn imzalanmas\u0131yla sonu\u00e7lanan g\u00f6r\u00fc\u015fme ve toplant\u0131lar\u0131 de\u011ferlendirdi. \u0130ranl\u0131 Teknik ve \u0130ktisat heyetinin Suriye\u2019de ilgili bir\u00e7ok bakanl\u0131k ve kurum ile ula\u015ft\u0131\u011f\u0131 anla\u015fma ve protokollerden dolay\u0131 memnuniyetini &hellip;<\/p>\n","protected":false},"author":1,"featured_media":64312,"comment_status":"closed","ping_status":"closed","sticky":false,"template":"","format":"standard","meta":{"footnotes":""},"categories":[479,17988,478],"tags":[10238,19785],"class_list":["post-64311","post","type-post","status-publish","format-standard","has-post-thumbnail","","category-haberler-yerel","category-son-haberler","category-yerel","tag-basbakan-vail-el-halaki","tag-halaki-anlasmalar-yatirimlar-icin-yeni-bir-ufuk-aciyor"],"_links":{"self":[{"href":"https:\/\/archive.sana.sy\/tr\/index.php?rest_route=\/wp\/v2\/posts\/64311","targetHints":{"allow":["GET"]}}],"collection":[{"href":"https:\/\/archive.sana.sy\/tr\/index.php?rest_route=\/wp\/v2\/posts"}],"about":[{"href":"https:\/\/archive.sana.sy\/tr\/index.php?rest_route=\/wp\/v2\/types\/post"}],"author":[{"embeddable":true,"href":"https:\/\/archive.sana.sy\/tr\/index.php?rest_route=\/wp\/v2\/users\/1"}],"replies":[{"embeddable":true,"href":"https:\/\/archive.sana.sy\/tr\/index.php?rest_route=%2Fwp%2Fv2%2Fcomments&post=64311"}],"version-history":[{"count":0,"href":"https:\/\/archive.sana.sy\/tr\/index.php?rest_route=\/wp\/v2\/posts\/64311\/revisions"}],"wp:featuredmedia":[{"embeddable":true,"href":"https:\/\/archive.sana.sy\/tr\/index.php?rest_route=\/wp\/v2\/media\/64312"}],"wp:attachment":[{"href":"https:\/\/archive.sana.sy\/tr\/index.php?rest_route=%2Fwp%2Fv2%2Fmedia&parent=64311"}],"wp:term":[{"taxonomy":"category","embeddable":true,"href":"https:\/\/archive.sana.sy\/tr\/index.php?rest_route=%2Fwp%2Fv2%2Fcategories&post=64311"},{"taxonomy":"post_tag","embeddable":true,"href":"https:\/\/archive.sana.sy\/tr\/index.php?rest_route=%2Fwp%2Fv2%2Ftags&post=64311"}],"curies":[{"name":"wp","href":"https:\/\/api.w.org\/{rel}","templated":true}]}}