{"id":64330,"date":"2016-03-11T15:19:45","date_gmt":"2016-03-11T13:19:45","guid":{"rendered":"http:\/\/www.sana.sy\/tr\/?p=64330"},"modified":"2016-03-12T15:14:57","modified_gmt":"2016-03-12T13:14:57","slug":"meseleyi-bu-sekilde-degerlendirmemek-gerekiyor","status":"publish","type":"post","link":"https:\/\/archive.sana.sy\/tr\/?p=64330","title":{"rendered":"Meseleyi Bu \u015eekilde De\u011ferlendirmemek Gerekiyor"},"content":{"rendered":"<p>MOSKOVA \u2013 Rusya Ba\u015fkanl\u0131k Saray\u0131 Kremlinin s\u00f6zc\u00fcs\u00fc Dimtry Peskov Suriye&#8217;nin toprak b\u00fct\u00fcnl\u00fc\u011f\u00fcn\u00fcn korunmas\u0131n\u0131n, Rusya&#8217;n\u0131n temel hedeflerinden biri oldu\u011funa vurgu yaparken, Suriye&#8217;nin gelece\u011fi ve y\u00f6netim \u015feklinin sadece ve sadece Suriyeliler taraf\u0131ndan belirlenece\u011finin bir kez daha alt\u0131n\u0131 \u00e7izdi.<\/p>\n<p>Peskov bug\u00fcn yapt\u0131\u011f\u0131 bas\u0131n a\u00e7\u0131klamas\u0131nda Suriye&#8217;nin gelece\u011fi konusunda karar alma hakk\u0131na sahip olan yegane taraf\u0131n Suriyeliler oldu\u011funu belirtti. Suriye&#8217;nin toprak b\u00fct\u00fcnl\u00fc\u011f\u00fcn\u00fcn korunmas\u0131n\u0131n Rusya&#8217;n\u0131n temel hedefi oldu\u011funu ifade eden Peskov, d\u00fcnyan\u0131n bir\u00e7ok \u00fclkesinin bu hedefte olmas\u0131n\u0131n yan\u0131 s\u0131ra t\u00fcm b\u00f6lge a\u00e7\u0131s\u0131ndan bu meselenin mutlak bir \u00f6nem ta\u015f\u0131d\u0131\u011f\u0131n\u0131n alt\u0131n\u0131 \u00e7izdi.<\/p>\n<p>Suriye&#8217;de \u00e7\u00f6z\u00fcm konusunda muhtelif taraflar aras\u0131nda yo\u011fun ve daimi bir g\u00f6r\u00fc\u015f al\u0131\u015fveri\u015finin bulundu\u011funu ifade eden Peskov; fakat bu g\u00f6r\u00fc\u015f al\u0131\u015fveri\u015finin Suriyeliler ad\u0131na karar alma ya da Suriye&#8217;de gelecek y\u00f6netimi belirleme niteli\u011finde saymamak gerekti\u011fini vurgulad\u0131.<\/p>\n","protected":false},"excerpt":{"rendered":"<p>MOSKOVA \u2013 Rusya Ba\u015fkanl\u0131k Saray\u0131 Kremlinin s\u00f6zc\u00fcs\u00fc Dimtry Peskov Suriye&#8217;nin toprak b\u00fct\u00fcnl\u00fc\u011f\u00fcn\u00fcn korunmas\u0131n\u0131n, Rusya&#8217;n\u0131n temel hedeflerinden biri oldu\u011funa vurgu yaparken, Suriye&#8217;nin gelece\u011fi ve y\u00f6netim \u015feklinin sadece ve sadece Suriyeliler taraf\u0131ndan belirlenece\u011finin bir kez daha alt\u0131n\u0131 \u00e7izdi. Peskov bug\u00fcn yapt\u0131\u011f\u0131 bas\u0131n a\u00e7\u0131klamas\u0131nda Suriye&#8217;nin gelece\u011fi konusunda karar alma hakk\u0131na sahip olan yegane taraf\u0131n Suriyeliler oldu\u011funu belirtti. Suriye&#8217;nin &hellip;<\/p>\n","protected":false},"author":1,"featured_media":64331,"comment_status":"closed","ping_status":"closed","sticky":false,"template":"","format":"standard","meta":{"footnotes":""},"categories":[458,459,17988],"tags":[19787],"class_list":["post-64330","post","type-post","status-publish","format-standard","has-post-thumbnail","","category-dunya1","category-haberler-arap-uluslararasi-politika","category-son-haberler","tag-meseleyi-bu-sekilde-degerlendirmemek-gerekiyor"],"_links":{"self":[{"href":"https:\/\/archive.sana.sy\/tr\/index.php?rest_route=\/wp\/v2\/posts\/64330","targetHints":{"allow":["GET"]}}],"collection":[{"href":"https:\/\/archive.sana.sy\/tr\/index.php?rest_route=\/wp\/v2\/posts"}],"about":[{"href":"https:\/\/archive.sana.sy\/tr\/index.php?rest_route=\/wp\/v2\/types\/post"}],"author":[{"embeddable":true,"href":"https:\/\/archive.sana.sy\/tr\/index.php?rest_route=\/wp\/v2\/users\/1"}],"replies":[{"embeddable":true,"href":"https:\/\/archive.sana.sy\/tr\/index.php?rest_route=%2Fwp%2Fv2%2Fcomments&post=64330"}],"version-history":[{"count":0,"href":"https:\/\/archive.sana.sy\/tr\/index.php?rest_route=\/wp\/v2\/posts\/64330\/revisions"}],"wp:featuredmedia":[{"embeddable":true,"href":"https:\/\/archive.sana.sy\/tr\/index.php?rest_route=\/wp\/v2\/media\/64331"}],"wp:attachment":[{"href":"https:\/\/archive.sana.sy\/tr\/index.php?rest_route=%2Fwp%2Fv2%2Fmedia&parent=64330"}],"wp:term":[{"taxonomy":"category","embeddable":true,"href":"https:\/\/archive.sana.sy\/tr\/index.php?rest_route=%2Fwp%2Fv2%2Fcategories&post=64330"},{"taxonomy":"post_tag","embeddable":true,"href":"https:\/\/archive.sana.sy\/tr\/index.php?rest_route=%2Fwp%2Fv2%2Ftags&post=64330"}],"curies":[{"name":"wp","href":"https:\/\/api.w.org\/{rel}","templated":true}]}}