{"id":64333,"date":"2016-03-11T15:21:21","date_gmt":"2016-03-11T13:21:21","guid":{"rendered":"http:\/\/www.sana.sy\/tr\/?p=64333"},"modified":"2016-03-12T15:14:53","modified_gmt":"2016-03-12T13:14:53","slug":"gorusmeler-3-ana-meseleye-odaklanacak","status":"publish","type":"post","link":"https:\/\/archive.sana.sy\/tr\/?p=64333","title":{"rendered":"G\u00f6r\u00fc\u015fmeler 3 Ana Meseleye Odaklanacak"},"content":{"rendered":"<p>CENEVRE \u2013 BM genel sekreterinin Suriye \u00f6zel temsilcisi Staffan de Mistura Cenevre&#8217;de Suriyeliler aras\u0131nda ba\u015flayacak diyalog g\u00f6r\u00fc\u015fmeleri \u00e7er\u00e7evesinde yapaca\u011f\u0131 ilk toplant\u0131n\u0131n 1 Mart Pazartesi g\u00fcn\u00fc Suriye Arap Cumhuriyeti heyeti ile olaca\u011f\u0131n\u0131 ilan etti.<\/p>\n<p>Rusya&#8217;n\u0131n Sputnik Ajans\u0131 ile r\u00f6portaj\u0131nda de Mistura Suriye&#8217;nin BM\u2019de iye bir devlet oldu\u011funu, uluslar aras\u0131 \u00f6rg\u00fct olan BM\u2019nin de mant\u0131ken ilk g\u00f6r\u00fc\u015fmeyi Suriye h\u00fck\u00fcmetinin heyeti ile yapmas\u0131 gerekti\u011fini s\u00f6yledi.<\/p>\n<p>De Mistura heyetler aras\u0131nda g\u00f6r\u00fc\u015fmelere haz\u0131rl\u0131\u011f\u0131n beklendi\u011fi gibi yap\u0131ld\u0131\u011f\u0131n\u0131 ifade ederken, Suriyeliler aras\u0131nda g\u00f6r\u00fc\u015fmelerin dolayl\u0131 olmas\u0131n\u0131n esneklik a\u00e7\u0131s\u0131ndan daha uygun olaca\u011f\u0131n\u0131 s\u00f6yledi.<\/p>\n<p>G\u00f6r\u00fc\u015fmeler g\u00fcndeminin BMGK\u2019nin 2254 say\u0131l\u0131 karar\u0131nda belirlendi\u011fine dikkat \u00e7eken de Mistura, en \u00f6nemli 3 meselenin h\u00fck\u00fcmetin olu\u015fturulmas\u0131, yeni bir anayasan\u0131n haz\u0131rlanmas\u0131 ve yeni se\u00e7imlerin olmas\u0131 oldu\u011funu a\u00e7\u0131klad\u0131. De Mistura t\u00fcm bunlar\u0131n g\u00f6r\u00fc\u015fmelerin ba\u015flamas\u0131ndan 18 ayl\u0131k s\u00fcre i\u00e7inde tamamlanmas\u0131 beklendi\u011fini s\u00f6yledi.<\/p>\n<p>De Mistura Cenevre g\u00f6r\u00fc\u015fmelerine Suriyeli K\u00fcrtlerin temsilcilerinin \u00e7a\u011fr\u0131lmas\u0131 ihtimalinin uzak olmad\u0131\u011f\u0131n\u0131 ifade etti.<\/p>\n","protected":false},"excerpt":{"rendered":"<p>CENEVRE \u2013 BM genel sekreterinin Suriye \u00f6zel temsilcisi Staffan de Mistura Cenevre&#8217;de Suriyeliler aras\u0131nda ba\u015flayacak diyalog g\u00f6r\u00fc\u015fmeleri \u00e7er\u00e7evesinde yapaca\u011f\u0131 ilk toplant\u0131n\u0131n 1 Mart Pazartesi g\u00fcn\u00fc Suriye Arap Cumhuriyeti heyeti ile olaca\u011f\u0131n\u0131 ilan etti. Rusya&#8217;n\u0131n Sputnik Ajans\u0131 ile r\u00f6portaj\u0131nda de Mistura Suriye&#8217;nin BM\u2019de iye bir devlet oldu\u011funu, uluslar aras\u0131 \u00f6rg\u00fct olan BM\u2019nin de mant\u0131ken ilk g\u00f6r\u00fc\u015fmeyi &hellip;<\/p>\n","protected":false},"author":1,"featured_media":64171,"comment_status":"closed","ping_status":"closed","sticky":false,"template":"","format":"standard","meta":{"footnotes":""},"categories":[458,459,17988],"tags":[],"class_list":["post-64333","post","type-post","status-publish","format-standard","has-post-thumbnail","","category-dunya1","category-haberler-arap-uluslararasi-politika","category-son-haberler"],"_links":{"self":[{"href":"https:\/\/archive.sana.sy\/tr\/index.php?rest_route=\/wp\/v2\/posts\/64333","targetHints":{"allow":["GET"]}}],"collection":[{"href":"https:\/\/archive.sana.sy\/tr\/index.php?rest_route=\/wp\/v2\/posts"}],"about":[{"href":"https:\/\/archive.sana.sy\/tr\/index.php?rest_route=\/wp\/v2\/types\/post"}],"author":[{"embeddable":true,"href":"https:\/\/archive.sana.sy\/tr\/index.php?rest_route=\/wp\/v2\/users\/1"}],"replies":[{"embeddable":true,"href":"https:\/\/archive.sana.sy\/tr\/index.php?rest_route=%2Fwp%2Fv2%2Fcomments&post=64333"}],"version-history":[{"count":0,"href":"https:\/\/archive.sana.sy\/tr\/index.php?rest_route=\/wp\/v2\/posts\/64333\/revisions"}],"wp:featuredmedia":[{"embeddable":true,"href":"https:\/\/archive.sana.sy\/tr\/index.php?rest_route=\/wp\/v2\/media\/64171"}],"wp:attachment":[{"href":"https:\/\/archive.sana.sy\/tr\/index.php?rest_route=%2Fwp%2Fv2%2Fmedia&parent=64333"}],"wp:term":[{"taxonomy":"category","embeddable":true,"href":"https:\/\/archive.sana.sy\/tr\/index.php?rest_route=%2Fwp%2Fv2%2Fcategories&post=64333"},{"taxonomy":"post_tag","embeddable":true,"href":"https:\/\/archive.sana.sy\/tr\/index.php?rest_route=%2Fwp%2Fv2%2Ftags&post=64333"}],"curies":[{"name":"wp","href":"https:\/\/api.w.org\/{rel}","templated":true}]}}