{"id":64335,"date":"2016-03-11T15:18:26","date_gmt":"2016-03-11T13:18:26","guid":{"rendered":"http:\/\/www.sana.sy\/tr\/?p=64335"},"modified":"2016-03-12T15:24:00","modified_gmt":"2016-03-12T13:24:00","slug":"zeman-turkiye-yetkililerinin-taleplerini-elestirdi","status":"publish","type":"post","link":"https:\/\/archive.sana.sy\/tr\/?p=64335","title":{"rendered":"Zeman T\u00fcrkiye Yetkililerinin Taleplerini Ele\u015ftirdi"},"content":{"rendered":"<p>PRAG \u2013 \u00c7ek Cumhurba\u015fkan\u0131 Milos Zeman ge\u00e7en Pazartesi g\u00fcn\u00fc AB ile T\u00fcrkiye aras\u0131nda yap\u0131lan son g\u00f6r\u00fc\u015fmeleri ele\u015ftirirken, g\u00f6r\u00fc\u015fmelerin T\u00fcrkiye yetkililerin taleplerini artt\u0131rmalar\u0131 haricinde bir \u00f6nceki g\u00f6r\u00fc\u015fmelerden hi\u00e7bir fark\u0131 olmad\u0131\u011f\u0131n\u0131 belirtti.<\/p>\n<p>\u00c7ek medyas\u0131n\u0131n aktard\u0131\u011f\u0131 a\u00e7\u0131klamalar\u0131nda Zeman AB liderlerinin T\u00fcrkiye yetkililerinin taleplerine olumlu cevap vermelerini garipserken, T\u00fcrkiye rejiminin verdi\u011fi vaatleri yerine getireceklerini garantilemeden kabul etmelerinin mant\u0131kl\u0131 olmad\u0131\u011f\u0131n\u0131 s\u00f6yledi.<br \/>\nZeman ABD \u00fclkelerinden s\u0131n\u0131rlar\u0131n\u0131 kontrol etmelerini talep etti. T\u00fcrkiye yetkililerinin g\u00f6r\u00fc\u015fmelere e\u015f zamanl\u0131 olarak Yunanistan s\u0131n\u0131rlar\u0131 yak\u0131nlar\u0131nda 42 m\u00fclteciyi yakalamas\u0131 propagandas\u0131n\u0131 ele\u015ftirirken, bunun medya ama\u00e7l\u0131 oldu\u011funa dikkat \u00e7ekti.<\/p>\n","protected":false},"excerpt":{"rendered":"<p>PRAG \u2013 \u00c7ek Cumhurba\u015fkan\u0131 Milos Zeman ge\u00e7en Pazartesi g\u00fcn\u00fc AB ile T\u00fcrkiye aras\u0131nda yap\u0131lan son g\u00f6r\u00fc\u015fmeleri ele\u015ftirirken, g\u00f6r\u00fc\u015fmelerin T\u00fcrkiye yetkililerin taleplerini artt\u0131rmalar\u0131 haricinde bir \u00f6nceki g\u00f6r\u00fc\u015fmelerden hi\u00e7bir fark\u0131 olmad\u0131\u011f\u0131n\u0131 belirtti. \u00c7ek medyas\u0131n\u0131n aktard\u0131\u011f\u0131 a\u00e7\u0131klamalar\u0131nda Zeman AB liderlerinin T\u00fcrkiye yetkililerinin taleplerine olumlu cevap vermelerini garipserken, T\u00fcrkiye rejiminin verdi\u011fi vaatleri yerine getireceklerini garantilemeden kabul etmelerinin mant\u0131kl\u0131 olmad\u0131\u011f\u0131n\u0131 &hellip;<\/p>\n","protected":false},"author":1,"featured_media":64336,"comment_status":"closed","ping_status":"closed","sticky":false,"template":"","format":"standard","meta":{"footnotes":""},"categories":[17988,2554,2555],"tags":[],"class_list":["post-64335","post","type-post","status-publish","format-standard","has-post-thumbnail","","category-son-haberler","category-suriye-ve-dunya","category-suriye-ve-turkiye"],"_links":{"self":[{"href":"https:\/\/archive.sana.sy\/tr\/index.php?rest_route=\/wp\/v2\/posts\/64335","targetHints":{"allow":["GET"]}}],"collection":[{"href":"https:\/\/archive.sana.sy\/tr\/index.php?rest_route=\/wp\/v2\/posts"}],"about":[{"href":"https:\/\/archive.sana.sy\/tr\/index.php?rest_route=\/wp\/v2\/types\/post"}],"author":[{"embeddable":true,"href":"https:\/\/archive.sana.sy\/tr\/index.php?rest_route=\/wp\/v2\/users\/1"}],"replies":[{"embeddable":true,"href":"https:\/\/archive.sana.sy\/tr\/index.php?rest_route=%2Fwp%2Fv2%2Fcomments&post=64335"}],"version-history":[{"count":0,"href":"https:\/\/archive.sana.sy\/tr\/index.php?rest_route=\/wp\/v2\/posts\/64335\/revisions"}],"wp:featuredmedia":[{"embeddable":true,"href":"https:\/\/archive.sana.sy\/tr\/index.php?rest_route=\/wp\/v2\/media\/64336"}],"wp:attachment":[{"href":"https:\/\/archive.sana.sy\/tr\/index.php?rest_route=%2Fwp%2Fv2%2Fmedia&parent=64335"}],"wp:term":[{"taxonomy":"category","embeddable":true,"href":"https:\/\/archive.sana.sy\/tr\/index.php?rest_route=%2Fwp%2Fv2%2Fcategories&post=64335"},{"taxonomy":"post_tag","embeddable":true,"href":"https:\/\/archive.sana.sy\/tr\/index.php?rest_route=%2Fwp%2Fv2%2Ftags&post=64335"}],"curies":[{"name":"wp","href":"https:\/\/api.w.org\/{rel}","templated":true}]}}