{"id":64341,"date":"2016-03-11T17:00:57","date_gmt":"2016-03-11T15:00:57","guid":{"rendered":"http:\/\/www.sana.sy\/tr\/?p=64341"},"modified":"2016-03-12T16:24:35","modified_gmt":"2016-03-12T14:24:35","slug":"herkes-kendi-konumundan-ustune-dusen-gorevi-yapiyor","status":"publish","type":"post","link":"https:\/\/archive.sana.sy\/tr\/?p=64341","title":{"rendered":"Herkes Kendi Konumundan \u00dcst\u00fcne D\u00fc\u015fen G\u00f6revi Yap\u0131yor (video)"},"content":{"rendered":"<p>\u015eAM \u2013 Suriye Macera Ad\u0131mlar\u0131 Kul\u00fcb\u00fc bug\u00fcn muhtelif sivil toplum faaliyetlerinden gen\u00e7lerin kat\u0131l\u0131m\u0131yla \u2018Sanca\u011f\u0131n Y\u00fckseklerde Dalgalans\u0131n Ey Suriye\u2026 \u015eam Yarat\u0131c\u0131 Kenttir\u2019 slogan\u0131 alt\u0131nda bir faaliyet d\u00fczenledi.<\/p>\n<p><img loading=\"lazy\" decoding=\"async\" class=\"alignright wp-image-64344 size-medium\" src=\"http:\/\/www.sana.sy\/tr\/wp-content\/uploads\/2016\/03\/\u015fam-1-300x200.jpg\" alt=\"\u015fam 1\" width=\"300\" height=\"200\" srcset=\"https:\/\/archive.sana.sy\/tr\/wp-content\/uploads\/2016\/03\/\u015fam-1-300x200.jpg 300w, https:\/\/archive.sana.sy\/tr\/wp-content\/uploads\/2016\/03\/\u015fam-1-150x100.jpg 150w, https:\/\/archive.sana.sy\/tr\/wp-content\/uploads\/2016\/03\/\u015fam-1-768x511.jpg 768w, https:\/\/archive.sana.sy\/tr\/wp-content\/uploads\/2016\/03\/\u015fam-1-1024x682.jpg 1024w\" sizes=\"auto, (max-width: 300px) 100vw, 300px\" \/>Turizm Bakanl\u0131\u011f\u0131n\u0131n ba\u015fkent \u015eam\u2019\u0131n BM UNESCO \u00d6rg\u00fct\u00fcn\u00fcn yarat\u0131c\u0131 kentler listesinde yer almas\u0131n\u0131 destekleme \u00e7abalar\u0131 kapsam\u0131nda d\u00fczenlenen faaliyette \u015eam\u2019\u0131n merkezi say\u0131lan Fektorya Semtindeki Ba\u015fkan K\u00f6pr\u00fcs\u00fcnde Suriye bayra\u011f\u0131n\u0131 dalgaland\u0131rma, k\u00f6pr\u00fc ve kald\u0131r\u0131mlar\u0131n\u0131 ilan afi\u015flerinden temizleyip boyama \u00e7al\u0131\u015fmalar\u0131 i\u00e7erdi. Faaliyet kat\u0131l\u0131mc\u0131lar\u0131 ard\u0131ndan \u015eam\u2019\u0131n yedi kap\u0131s\u0131na y\u00fcr\u00fcy\u00fcp bu kap\u0131larda da Suriye&#8217;nin \u015fanl\u0131 bayra\u011f\u0131n\u0131 dalgaland\u0131rd\u0131.<\/p>\n<p>Gen\u00e7ler faaliyet kapsam\u0131nda \u015eam Kalesinin Ar\u015f Salonunda Suriye&#8217;nin muhtelif illerinde bariz bir dizi tarihi eser ve do\u011fa harikas\u0131na \u0131\u015f\u0131k tutan \u2018Yurdumdan Bir Kare\u2019 slogan\u0131 alt\u0131nda foto\u011fraf sergisi d\u00fczenledi.<\/p>\n<p>Kul\u00fcp ba\u015fkan\u0131 Samir el Musa SANA\u2019ya a\u00e7\u0131klamas\u0131nda etkinlikten amac\u0131n; Suriye&#8217;nin t\u00fcm ko\u015fullara ra\u011fmen iyi oldu\u011funu, gen\u00e7lerinin de \u00fcstlerine d\u00fc\u015fen g\u00f6revi duyarl\u0131l\u0131k ve sorumlulukla yerine getirdi\u011fi mesaj\u0131 vermek istediklerini belirtti.<\/p>\n<div id='gallery-1' class='gallery galleryid-64341 gallery-columns-3 gallery-size-thumbnail'><figure class='gallery-item'>\n\t\t\t<div class='gallery-icon landscape'>\n\t\t\t\t<a href='https:\/\/archive.sana.sy\/tr\/wp-content\/uploads\/2016\/03\/\u015fam-2.jpg'><img loading=\"lazy\" decoding=\"async\" width=\"150\" height=\"100\" src=\"https:\/\/archive.sana.sy\/tr\/wp-content\/uploads\/2016\/03\/\u015fam-2-150x100.jpg\" class=\"attachment-thumbnail size-thumbnail\" alt=\"\" srcset=\"https:\/\/archive.sana.sy\/tr\/wp-content\/uploads\/2016\/03\/\u015fam-2-150x100.jpg 150w, https:\/\/archive.sana.sy\/tr\/wp-content\/uploads\/2016\/03\/\u015fam-2-300x200.jpg 300w, https:\/\/archive.sana.sy\/tr\/wp-content\/uploads\/2016\/03\/\u015fam-2-768x511.jpg 768w, https:\/\/archive.sana.sy\/tr\/wp-content\/uploads\/2016\/03\/\u015fam-2-1024x681.jpg 1024w, https:\/\/archive.sana.sy\/tr\/wp-content\/uploads\/2016\/03\/\u015fam-2-310x205.jpg 310w\" sizes=\"auto, (max-width: 150px) 100vw, 150px\" \/><\/a>\n\t\t\t<\/div><\/figure><figure class='gallery-item'>\n\t\t\t<div class='gallery-icon landscape'>\n\t\t\t\t<a href='https:\/\/archive.sana.sy\/tr\/wp-content\/uploads\/2016\/03\/\u015fam-3.jpg'><img loading=\"lazy\" decoding=\"async\" width=\"150\" height=\"90\" src=\"https:\/\/archive.sana.sy\/tr\/wp-content\/uploads\/2016\/03\/\u015fam-3-150x90.jpg\" class=\"attachment-thumbnail size-thumbnail\" alt=\"\" srcset=\"https:\/\/archive.sana.sy\/tr\/wp-content\/uploads\/2016\/03\/\u015fam-3-150x90.jpg 150w, https:\/\/archive.sana.sy\/tr\/wp-content\/uploads\/2016\/03\/\u015fam-3-300x181.jpg 300w, https:\/\/archive.sana.sy\/tr\/wp-content\/uploads\/2016\/03\/\u015fam-3-768x463.jpg 768w, https:\/\/archive.sana.sy\/tr\/wp-content\/uploads\/2016\/03\/\u015fam-3-1024x618.jpg 1024w\" sizes=\"auto, (max-width: 150px) 100vw, 150px\" \/><\/a>\n\t\t\t<\/div><\/figure><figure class='gallery-item'>\n\t\t\t<div class='gallery-icon landscape'>\n\t\t\t\t<a href='https:\/\/archive.sana.sy\/tr\/wp-content\/uploads\/2016\/03\/\u015fam-4.jpg'><img loading=\"lazy\" decoding=\"async\" width=\"150\" height=\"100\" src=\"https:\/\/archive.sana.sy\/tr\/wp-content\/uploads\/2016\/03\/\u015fam-4-150x100.jpg\" class=\"attachment-thumbnail size-thumbnail\" alt=\"\" srcset=\"https:\/\/archive.sana.sy\/tr\/wp-content\/uploads\/2016\/03\/\u015fam-4-150x100.jpg 150w, https:\/\/archive.sana.sy\/tr\/wp-content\/uploads\/2016\/03\/\u015fam-4-300x200.jpg 300w, https:\/\/archive.sana.sy\/tr\/wp-content\/uploads\/2016\/03\/\u015fam-4-768x511.jpg 768w, https:\/\/archive.sana.sy\/tr\/wp-content\/uploads\/2016\/03\/\u015fam-4-1024x681.jpg 1024w, https:\/\/archive.sana.sy\/tr\/wp-content\/uploads\/2016\/03\/\u015fam-4-310x205.jpg 310w\" sizes=\"auto, (max-width: 150px) 100vw, 150px\" \/><\/a>\n\t\t\t<\/div><\/figure>\n\t\t<\/div>\n\n<p>https:\/\/www.youtube.com\/watch?v=lRS2t1VgFqc<\/p>\n","protected":false},"excerpt":{"rendered":"<p>\u015eAM \u2013 Suriye Macera Ad\u0131mlar\u0131 Kul\u00fcb\u00fc bug\u00fcn muhtelif sivil toplum faaliyetlerinden gen\u00e7lerin kat\u0131l\u0131m\u0131yla \u2018Sanca\u011f\u0131n Y\u00fckseklerde Dalgalans\u0131n Ey Suriye\u2026 \u015eam Yarat\u0131c\u0131 Kenttir\u2019 slogan\u0131 alt\u0131nda bir faaliyet d\u00fczenledi. Turizm Bakanl\u0131\u011f\u0131n\u0131n ba\u015fkent \u015eam\u2019\u0131n BM UNESCO \u00d6rg\u00fct\u00fcn\u00fcn yarat\u0131c\u0131 kentler listesinde yer almas\u0131n\u0131 destekleme \u00e7abalar\u0131 kapsam\u0131nda d\u00fczenlenen faaliyette \u015eam\u2019\u0131n merkezi say\u0131lan Fektorya Semtindeki Ba\u015fkan K\u00f6pr\u00fcs\u00fcnde Suriye bayra\u011f\u0131n\u0131 dalgaland\u0131rma, k\u00f6pr\u00fc ve &hellip;<\/p>\n","protected":false},"author":1,"featured_media":64342,"comment_status":"closed","ping_status":"closed","sticky":false,"template":"","format":"standard","meta":{"footnotes":""},"categories":[596,479,17988,478],"tags":[],"class_list":["post-64341","post","type-post","status-publish","format-standard","has-post-thumbnail","","category-fotografli-raporlar","category-haberler-yerel","category-son-haberler","category-yerel"],"_links":{"self":[{"href":"https:\/\/archive.sana.sy\/tr\/index.php?rest_route=\/wp\/v2\/posts\/64341","targetHints":{"allow":["GET"]}}],"collection":[{"href":"https:\/\/archive.sana.sy\/tr\/index.php?rest_route=\/wp\/v2\/posts"}],"about":[{"href":"https:\/\/archive.sana.sy\/tr\/index.php?rest_route=\/wp\/v2\/types\/post"}],"author":[{"embeddable":true,"href":"https:\/\/archive.sana.sy\/tr\/index.php?rest_route=\/wp\/v2\/users\/1"}],"replies":[{"embeddable":true,"href":"https:\/\/archive.sana.sy\/tr\/index.php?rest_route=%2Fwp%2Fv2%2Fcomments&post=64341"}],"version-history":[{"count":0,"href":"https:\/\/archive.sana.sy\/tr\/index.php?rest_route=\/wp\/v2\/posts\/64341\/revisions"}],"wp:featuredmedia":[{"embeddable":true,"href":"https:\/\/archive.sana.sy\/tr\/index.php?rest_route=\/wp\/v2\/media\/64342"}],"wp:attachment":[{"href":"https:\/\/archive.sana.sy\/tr\/index.php?rest_route=%2Fwp%2Fv2%2Fmedia&parent=64341"}],"wp:term":[{"taxonomy":"category","embeddable":true,"href":"https:\/\/archive.sana.sy\/tr\/index.php?rest_route=%2Fwp%2Fv2%2Fcategories&post=64341"},{"taxonomy":"post_tag","embeddable":true,"href":"https:\/\/archive.sana.sy\/tr\/index.php?rest_route=%2Fwp%2Fv2%2Ftags&post=64341"}],"curies":[{"name":"wp","href":"https:\/\/api.w.org\/{rel}","templated":true}]}}