{"id":6435,"date":"2014-08-04T11:30:34","date_gmt":"2014-08-04T08:30:34","guid":{"rendered":"http:\/\/www.sana.sy\/tr\/?p=6435"},"modified":"2014-08-05T13:53:13","modified_gmt":"2014-08-05T10:53:13","slug":"ruhani-siyonist-varlik-filistinlilere-karsi-soykirim-politikasini-surduruyor","status":"publish","type":"post","link":"https:\/\/archive.sana.sy\/tr\/?p=6435","title":{"rendered":"Ba\u011flant\u0131s\u0131z \u00dclkeler Hareketi Filistin Komitesi Bakanlar Kurulu Toplant\u0131s\u0131 Ba\u015flad\u0131"},"content":{"rendered":"<p>TAHRAN &#8211; D\u0131\u015fi\u015fleri ve Gurbet\u00e7iler Bakan\u0131 Yard\u0131mc\u0131s\u0131 Faysal Mikdat ba\u015fkanl\u0131\u011f\u0131ndaki Suriye heyetinin kat\u0131l\u0131m\u0131yla Ba\u011flant\u0131s\u0131z \u00fclkeler hareketine ba\u011fl\u0131 Filistin komitesi Bakanlar toplant\u0131s\u0131 Tahran\u2019da ba\u015flad\u0131.<\/p>\n<p>\u0130ran\u2019\u0131n Ba\u015fkenti Tahran\u2019da d\u00fczenlenen Ba\u011flant\u0131s\u0131z \u00dclkeler Filistin Komitesi Bakanlar Kurulu toplant\u0131s\u0131nda yapt\u0131\u011f\u0131 konu\u015fmada Mikdat, bug\u00fcnk\u00fc d\u00fcnyan\u0131n i\u015fgalci \u0130srail\u2019in i\u015fledi\u011fi soyk\u0131r\u0131m sava\u015f\u0131na tan\u0131k oldu\u011funu belirtti ve \u0130srail\u2019in bar\u0131\u015f\u0131 istemedi\u011fini b\u00fct\u00fcn b\u00f6lgeyi hegemonyas\u0131 alt\u0131na almak istedi\u011fini s\u00f6yledi.<\/p>\n<p>Mikdat, Suriye\u2019nin b\u00fct\u00fcn enerjilerini merkezi dava olarak kalmas\u0131 gereken Filistin davas\u0131 hizmetine koydu\u011funu, Gazze Kesimi ahalisini \u00f6ld\u00fcrenlerin Suriye halk\u0131n\u0131 \u00f6ld\u00fcrenlerin ayn\u0131s\u0131 oldu\u011funu vurgulad\u0131.<\/p>\n<p>D\u0131\u015fi\u015fleri ve Gurbet\u00e7iler Bakan\u0131 Yard\u0131mc\u0131s\u0131 Mikdat, \u0130srail\u2019in demokratik haklar\u0131 iddia eden bat\u0131l\u0131 \u00fclkelerin deste\u011fiyle, tek derdi \u00e7ocuklar\u0131n\u0131 korumak , onur ve haklar\u0131n\u0131 savunmak olan Filistin halk\u0131na kar\u015f\u0131 bir d\u00fcnya sava\u015f\u0131 y\u00fcr\u00fctt\u00fc\u011f\u00fcn\u00fc ifade etti.<br \/>\nMikdat, Suriye halk\u0131n\u0131n ortak dava ve gelecekte Filistin halk\u0131yla kayna\u015ft\u0131\u011f\u0131na dikkat \u00e7ekti.<\/p>\n<p><span style=\"color: #0000ff\">Ruhani: Siyonist Varl\u0131k Filistinlilere Kar\u015f\u0131 Soyk\u0131r\u0131m Politikas\u0131n\u0131 S\u00fcrd\u00fcr\u00fcyor<\/span><\/p>\n<p>\u0130ran Ba\u015fkan\u0131 Hasan Ruhani, Ba\u011flant\u0131s\u0131z \u00dclkeler Filistin Komitesi Bakanlar Kurulu toplant\u0131s\u0131nda yapt\u0131\u011f\u0131 konu\u015fmada, Siyonist i\u015fgalin ve \u0130srail i\u015fgal ordusunun Gazze Kesimine y\u00f6nelik sald\u0131r\u0131lar\u0131yla uluslararas\u0131 b\u00fct\u00fcn \u00f6rf ve insani esaslar\u0131 \u00e7i\u011fnedi\u011fini, en \u015fiddetli silahlar\u0131 ve \u00f6ld\u00fcrme portrelerini kullanmas\u0131 yan\u0131 s\u0131ra Gazze Kesiminde abluka alt\u0131nda ya\u015fayan sivil insanlara yard\u0131mlar\u0131n varmas\u0131n\u0131 engellemesiyle b\u00fct\u00fcn s\u0131n\u0131rlar\u0131 a\u015ft\u0131\u011f\u0131n\u0131 vurgulad\u0131.<\/p>\n<p>Ruhani, i\u015fgalci \u0130srail ve ordusunun sivillere y\u00f6nelik soyk\u0131r\u0131m politikas\u0131n\u0131 s\u00fcrd\u00fcrd\u00fc\u011f\u00fcn\u00fc vurgulad\u0131.<\/p>\n<p>Ruhani, Gazze\u2019nin ge\u00e7ti\u011fi krizlerin Filistin halk\u0131n\u0131 daimi bir \u015fekilde hedef alan Siyonist i\u015fgal katliamlar\u0131 dizisinin bir b\u00f6l\u00fcm\u00fc oldu\u011funu ifade etti.<\/p>\n<p>Ruhani, Siyonist varl\u0131\u011fa hi\u00e7 bir bask\u0131 uygulamadan ve \u0130srail varl\u0131\u011f\u0131n\u0131n Filistin halk\u0131na kar\u015f\u0131 katliam ve sald\u0131r\u0131lar\u0131n\u0131 frenlememesi g\u00f6lgesinde sald\u0131r\u0131lar\u0131n\u0131 s\u00fcrd\u00fcrmesi sorumlulu\u011funu uluslararas\u0131 g\u00fcvenlik konseyine y\u00fckledi.<\/p>\n<p>Ruhani, g\u00fcvenlik konseyinin i\u015fgalci \u0130srail sald\u0131r\u0131lar\u0131na y\u00f6nelik suskun kalmas\u0131n\u0131n ona me\u015fruiyetini kaybettirdi\u011fini vurgulad\u0131.<br \/>\nRuhani, ABD ve g\u00fcvenlik konseyi daimi baz\u0131 \u00fcye \u00fclkelerinin medya ve y\u00fcr\u00fctme politikalar\u0131n\u0131n zalimi savunmak \u00fczerine kuruldu\u011funu \u00e7\u00fcnk\u00fc kendilerinin d\u0131\u015f ve b\u00f6lgesel politikalar\u0131n\u0131n bu oldu\u011funa dikkat \u00e7ekti.<\/p>\n<p>Toplant\u0131ya ayr\u0131ca, Gazze Kesiminde i\u015fgalci Siyonist varl\u0131k g\u00fc\u00e7lerinin 28 g\u00fcnden bu yana s\u00fcren sald\u0131r\u0131lar\u0131 sonucunda felakete do\u011fru s\u00fcr\u00fcklenen durumlar\u0131 ele almak i\u00e7in yakla\u015f\u0131k 30 \u00fclke kat\u0131l\u0131yor.<\/p>\n<p>Toplant\u0131n\u0131n g\u00fcndeminde ayr\u0131ca, Siyonist i\u015fgal varl\u0131\u011f\u0131n\u0131n Filistin halk\u0131 hakk\u0131nda i\u015fledi\u011fi katliamlar\u0131 da ele alarak bu toplant\u0131n\u0131n kapan\u0131\u015f beyan\u0131nda tutumlar ve \u00e7\u00f6z\u00fcmleri de ele almas\u0131 bekleniyor.<\/p>\n<p>\u00d6te yandan \u0130ran D\u0131\u015fi\u015fleri Bakan Yard\u0131mc\u0131s\u0131 Abbas Arakci d\u00fcn, Filistin Komitesinin, \u0130ran, Filistin, Cezayir, M\u0131s\u0131r, Senegal, G\u00fcney Afrika, Zimbabwe, Zambiya, Malezya, Endonezya, Banglade\u015f, Hindistan ve K\u00fcba\u2019dan olu\u015fan 13 \u00fcye \u00fclkeyi kapsad\u0131\u011f\u0131n\u0131 a\u00e7\u0131klam\u0131\u015f, yakla\u015f\u0131k 20 Asya ve Afrika \u00fclkesinin bir g\u00fcn s\u00fcrecek s\u00f6z konusu toplant\u0131ya kat\u0131lacaklar\u0131na dikkat \u00e7ekmi\u015fti.<\/p>\n<p><span style=\"color: #0000ff\">El Maliki: Filistin Halk\u0131n\u0131n Uluslararas\u0131 Kriterler Gere\u011fi \u0130\u015fgale Kar\u015f\u0131 Direnme Hakk\u0131na Sahiptir<\/span><\/p>\n<p>Bu arada Filistin D\u0131\u015fi\u015fleri Bakan\u0131 Riyad el Maliki toplant\u0131da yapt\u0131\u011f\u0131 konu\u015fmas\u0131nda, Filistin halk\u0131n\u0131n uluslar aras\u0131 en basit kriterler gere\u011fince \u0130srail i\u015fgaline direnme hakk\u0131na sahip oldu\u011funu belirtti.<\/p>\n<p>El Maliki, i\u015fgalci \u0130srail\u2019in Filistin halk\u0131na y\u00f6nelik katliamlar\u0131n\u0131 durdurmak amac\u0131yla ba\u015fta Birle\u015fmi\u015f Milletler olmak \u00fczere uluslararas\u0131 kurumlara bask\u0131 yap\u0131lmas\u0131 gere\u011fini vurgulad\u0131.<\/p>\n<p><span style=\"color: #0000ff\">Basil: Filistinlilerin Direni\u015fi \u0130srail \u0130\u00e7in Ebedi Hezimettir<\/span><\/p>\n<p>Kendi y\u00f6n\u00fcnden L\u00fcbnan D\u0131\u015fi\u015fleri ve Gurbet\u00e7iler Bakan\u0131 Cubran Basil Ba\u011flant\u0131s\u0131z \u00dclkeler Filistin Komitesi Bakanlar toplant\u0131s\u0131nda yapt\u0131\u011f\u0131 konu\u015fmas\u0131nda, i\u015fgalci \u0130srail katliamlar\u0131n\u0131n uluslararas\u0131 cinayet mahkemesinin de belirtti\u011fine g\u00f6re kas\u0131tl\u0131 oldu\u011funu belirtti.<\/p>\n<p>Basil, Filistinlilerin Gazze\u2019deki direni\u015flerinin i\u015fgalci \u0130srail\u2019e ebedi hezimet mahiyetinde oldu\u011funu vurgulad\u0131.<\/p>\n","protected":false},"excerpt":{"rendered":"<p>TAHRAN &#8211; D\u0131\u015fi\u015fleri ve Gurbet\u00e7iler Bakan\u0131 Yard\u0131mc\u0131s\u0131 Faysal Mikdat ba\u015fkanl\u0131\u011f\u0131ndaki Suriye heyetinin kat\u0131l\u0131m\u0131yla Ba\u011flant\u0131s\u0131z \u00fclkeler hareketine ba\u011fl\u0131 Filistin komitesi Bakanlar toplant\u0131s\u0131 Tahran\u2019da ba\u015flad\u0131. \u0130ran\u2019\u0131n Ba\u015fkenti Tahran\u2019da d\u00fczenlenen Ba\u011flant\u0131s\u0131z \u00dclkeler Filistin Komitesi Bakanlar Kurulu toplant\u0131s\u0131nda yapt\u0131\u011f\u0131 konu\u015fmada Mikdat, bug\u00fcnk\u00fc d\u00fcnyan\u0131n i\u015fgalci \u0130srail\u2019in i\u015fledi\u011fi soyk\u0131r\u0131m sava\u015f\u0131na tan\u0131k oldu\u011funu belirtti ve \u0130srail\u2019in bar\u0131\u015f\u0131 istemedi\u011fini b\u00fct\u00fcn b\u00f6lgeyi hegemonyas\u0131 alt\u0131na &hellip;<\/p>\n","protected":false},"author":1,"featured_media":6468,"comment_status":"closed","ping_status":"closed","sticky":false,"template":"","format":"standard","meta":{"footnotes":""},"categories":[458,459,447],"tags":[1438],"class_list":["post-6435","post","type-post","status-publish","format-standard","has-post-thumbnail","","category-dunya1","category-haberler-arap-uluslararasi-politika","category-politika","tag-baglantisiz-ulkeler-hareketi-filistin-komitesi-bakanlar-kurulu-toplantisi-basladi"],"_links":{"self":[{"href":"https:\/\/archive.sana.sy\/tr\/index.php?rest_route=\/wp\/v2\/posts\/6435","targetHints":{"allow":["GET"]}}],"collection":[{"href":"https:\/\/archive.sana.sy\/tr\/index.php?rest_route=\/wp\/v2\/posts"}],"about":[{"href":"https:\/\/archive.sana.sy\/tr\/index.php?rest_route=\/wp\/v2\/types\/post"}],"author":[{"embeddable":true,"href":"https:\/\/archive.sana.sy\/tr\/index.php?rest_route=\/wp\/v2\/users\/1"}],"replies":[{"embeddable":true,"href":"https:\/\/archive.sana.sy\/tr\/index.php?rest_route=%2Fwp%2Fv2%2Fcomments&post=6435"}],"version-history":[{"count":0,"href":"https:\/\/archive.sana.sy\/tr\/index.php?rest_route=\/wp\/v2\/posts\/6435\/revisions"}],"wp:featuredmedia":[{"embeddable":true,"href":"https:\/\/archive.sana.sy\/tr\/index.php?rest_route=\/wp\/v2\/media\/6468"}],"wp:attachment":[{"href":"https:\/\/archive.sana.sy\/tr\/index.php?rest_route=%2Fwp%2Fv2%2Fmedia&parent=6435"}],"wp:term":[{"taxonomy":"category","embeddable":true,"href":"https:\/\/archive.sana.sy\/tr\/index.php?rest_route=%2Fwp%2Fv2%2Fcategories&post=6435"},{"taxonomy":"post_tag","embeddable":true,"href":"https:\/\/archive.sana.sy\/tr\/index.php?rest_route=%2Fwp%2Fv2%2Ftags&post=6435"}],"curies":[{"name":"wp","href":"https:\/\/api.w.org\/{rel}","templated":true}]}}