{"id":64363,"date":"2016-03-11T09:40:32","date_gmt":"2016-03-11T07:40:32","guid":{"rendered":"http:\/\/www.sana.sy\/tr\/?p=64363"},"modified":"2016-03-11T18:24:25","modified_gmt":"2016-03-11T16:24:25","slug":"putin-suriyedeki-krize-cozum-meselesini-fas-kraliyla-gorusecek","status":"publish","type":"post","link":"https:\/\/archive.sana.sy\/tr\/?p=64363","title":{"rendered":"Putin Suriye&#8217;deki Krize \u00c7\u00f6z\u00fcm Meselesini Fas Kral\u0131yla G\u00f6r\u00fc\u015fecek"},"content":{"rendered":"<p>MOSKOVA \u2013 Kremlin g\u00fcn\u00fcn ilerleyen saatlerinde yapt\u0131\u011f\u0131 a\u00e7\u0131klamada; Rusya Ba\u015fkan\u0131 Vladimir Putin\u2019in \u00f6n\u00fcm\u00fczdeki Sal\u0131 g\u00fcn\u00fc Fas Kral\u0131 6. Muhammed ile bir telefon g\u00f6r\u00fc\u015fmesinde bulunaca\u011f\u0131n\u0131 a\u00e7\u0131klad\u0131.<\/p>\n<p>A\u00e7\u0131klamada telefon g\u00f6r\u00fc\u015fmesinde iki \u00fclke aras\u0131ndaki ili\u015fkiler ve Suriye&#8217;deki krizin siyasi \u00e7\u00f6z\u00fcm\u00fcne ek olarak Ortado\u011fu ve Kuzey Afrika b\u00f6lgelerinde ortak \u00f6nem ta\u015f\u0131yan meselelerde g\u00f6r\u00fc\u015f al\u0131\u015fveri\u015finin yap\u0131laca\u011f\u0131 ifade edildi.<\/p>\n","protected":false},"excerpt":{"rendered":"<p>MOSKOVA \u2013 Kremlin g\u00fcn\u00fcn ilerleyen saatlerinde yapt\u0131\u011f\u0131 a\u00e7\u0131klamada; Rusya Ba\u015fkan\u0131 Vladimir Putin\u2019in \u00f6n\u00fcm\u00fczdeki Sal\u0131 g\u00fcn\u00fc Fas Kral\u0131 6. Muhammed ile bir telefon g\u00f6r\u00fc\u015fmesinde bulunaca\u011f\u0131n\u0131 a\u00e7\u0131klad\u0131. A\u00e7\u0131klamada telefon g\u00f6r\u00fc\u015fmesinde iki \u00fclke aras\u0131ndaki ili\u015fkiler ve Suriye&#8217;deki krizin siyasi \u00e7\u00f6z\u00fcm\u00fcne ek olarak Ortado\u011fu ve Kuzey Afrika b\u00f6lgelerinde ortak \u00f6nem ta\u015f\u0131yan meselelerde g\u00f6r\u00fc\u015f al\u0131\u015fveri\u015finin yap\u0131laca\u011f\u0131 ifade edildi.<\/p>\n","protected":false},"author":1,"featured_media":64369,"comment_status":"closed","ping_status":"closed","sticky":false,"template":"","format":"standard","meta":{"footnotes":""},"categories":[458,459,17988],"tags":[19789,19790,19788,6519],"class_list":["post-64363","post","type-post","status-publish","format-standard","has-post-thumbnail","","category-dunya1","category-haberler-arap-uluslararasi-politika","category-son-haberler","tag-fas-krali-6-muhammed","tag-ortadogu-ve-kuzey-afrika","tag-putinin-telefon-gorusmesi","tag-rusya-baskani-vladimir-putinin"],"_links":{"self":[{"href":"https:\/\/archive.sana.sy\/tr\/index.php?rest_route=\/wp\/v2\/posts\/64363","targetHints":{"allow":["GET"]}}],"collection":[{"href":"https:\/\/archive.sana.sy\/tr\/index.php?rest_route=\/wp\/v2\/posts"}],"about":[{"href":"https:\/\/archive.sana.sy\/tr\/index.php?rest_route=\/wp\/v2\/types\/post"}],"author":[{"embeddable":true,"href":"https:\/\/archive.sana.sy\/tr\/index.php?rest_route=\/wp\/v2\/users\/1"}],"replies":[{"embeddable":true,"href":"https:\/\/archive.sana.sy\/tr\/index.php?rest_route=%2Fwp%2Fv2%2Fcomments&post=64363"}],"version-history":[{"count":0,"href":"https:\/\/archive.sana.sy\/tr\/index.php?rest_route=\/wp\/v2\/posts\/64363\/revisions"}],"wp:featuredmedia":[{"embeddable":true,"href":"https:\/\/archive.sana.sy\/tr\/index.php?rest_route=\/wp\/v2\/media\/64369"}],"wp:attachment":[{"href":"https:\/\/archive.sana.sy\/tr\/index.php?rest_route=%2Fwp%2Fv2%2Fmedia&parent=64363"}],"wp:term":[{"taxonomy":"category","embeddable":true,"href":"https:\/\/archive.sana.sy\/tr\/index.php?rest_route=%2Fwp%2Fv2%2Fcategories&post=64363"},{"taxonomy":"post_tag","embeddable":true,"href":"https:\/\/archive.sana.sy\/tr\/index.php?rest_route=%2Fwp%2Fv2%2Ftags&post=64363"}],"curies":[{"name":"wp","href":"https:\/\/api.w.org\/{rel}","templated":true}]}}