{"id":64365,"date":"2016-03-10T18:12:05","date_gmt":"2016-03-10T16:12:05","guid":{"rendered":"http:\/\/www.sana.sy\/tr\/?p=64365"},"modified":"2016-03-11T18:20:59","modified_gmt":"2016-03-11T16:20:59","slug":"isid-sair-ve-oglunu-katletti","status":"publish","type":"post","link":"https:\/\/archive.sana.sy\/tr\/?p=64365","title":{"rendered":"I\u015e\u0130D \u015eair ve O\u011flunu Katletti"},"content":{"rendered":"<p>DEYREZZOR \u2013 Tekfirci karanl\u0131k ideoloji ile vah\u015fetini s\u00fcrd\u00fcren I\u015e\u0130D tekfircileri Deyrezzor\u2019un en bariz \u015fairlerinden Muhammed Be\u015fir el Ani ve o\u011flu Eyyas\u2019\u0131 katletti.<\/p>\n<p>Yakla\u015f\u0131k 2 ay \u00f6nce o\u011flu ile birlikte I\u015e\u0130D \u00e7eteleri taraf\u0131ndan evinden ka\u00e7\u0131r\u0131lan 1960 do\u011fumlu \u015eair Ani Deyrezzor Kentinin en bariz \u015fairlerinden biri olmas\u0131n\u0131n yan\u0131 s\u0131ra Arap Yazarlar Birli\u011finin \u00fcyesiydi. Ayn\u0131 zamanda ziraat m\u00fchendisi olan Ani\u2019nin \u00fc\u00e7 \u015fiir divan\u0131 bulunuyor.<\/p>\n","protected":false},"excerpt":{"rendered":"<p>DEYREZZOR \u2013 Tekfirci karanl\u0131k ideoloji ile vah\u015fetini s\u00fcrd\u00fcren I\u015e\u0130D tekfircileri Deyrezzor\u2019un en bariz \u015fairlerinden Muhammed Be\u015fir el Ani ve o\u011flu Eyyas\u2019\u0131 katletti. Yakla\u015f\u0131k 2 ay \u00f6nce o\u011flu ile birlikte I\u015e\u0130D \u00e7eteleri taraf\u0131ndan evinden ka\u00e7\u0131r\u0131lan 1960 do\u011fumlu \u015eair Ani Deyrezzor Kentinin en bariz \u015fairlerinden biri olmas\u0131n\u0131n yan\u0131 s\u0131ra Arap Yazarlar Birli\u011finin \u00fcyesiydi. Ayn\u0131 zamanda ziraat m\u00fchendisi &hellip;<\/p>\n","protected":false},"author":1,"featured_media":64366,"comment_status":"closed","ping_status":"closed","sticky":false,"template":"","format":"standard","meta":{"footnotes":""},"categories":[479,575,17988,478],"tags":[19791,19792],"class_list":["post-64365","post","type-post","status-publish","format-standard","has-post-thumbnail","","category-haberler-yerel","category-olaylar-ve-gercekler","category-son-haberler","category-yerel","tag-isid-sair-ve-oglunu-katletti","tag-muhammed-besir-el-ani"],"_links":{"self":[{"href":"https:\/\/archive.sana.sy\/tr\/index.php?rest_route=\/wp\/v2\/posts\/64365","targetHints":{"allow":["GET"]}}],"collection":[{"href":"https:\/\/archive.sana.sy\/tr\/index.php?rest_route=\/wp\/v2\/posts"}],"about":[{"href":"https:\/\/archive.sana.sy\/tr\/index.php?rest_route=\/wp\/v2\/types\/post"}],"author":[{"embeddable":true,"href":"https:\/\/archive.sana.sy\/tr\/index.php?rest_route=\/wp\/v2\/users\/1"}],"replies":[{"embeddable":true,"href":"https:\/\/archive.sana.sy\/tr\/index.php?rest_route=%2Fwp%2Fv2%2Fcomments&post=64365"}],"version-history":[{"count":0,"href":"https:\/\/archive.sana.sy\/tr\/index.php?rest_route=\/wp\/v2\/posts\/64365\/revisions"}],"wp:featuredmedia":[{"embeddable":true,"href":"https:\/\/archive.sana.sy\/tr\/index.php?rest_route=\/wp\/v2\/media\/64366"}],"wp:attachment":[{"href":"https:\/\/archive.sana.sy\/tr\/index.php?rest_route=%2Fwp%2Fv2%2Fmedia&parent=64365"}],"wp:term":[{"taxonomy":"category","embeddable":true,"href":"https:\/\/archive.sana.sy\/tr\/index.php?rest_route=%2Fwp%2Fv2%2Fcategories&post=64365"},{"taxonomy":"post_tag","embeddable":true,"href":"https:\/\/archive.sana.sy\/tr\/index.php?rest_route=%2Fwp%2Fv2%2Ftags&post=64365"}],"curies":[{"name":"wp","href":"https:\/\/api.w.org\/{rel}","templated":true}]}}