{"id":64375,"date":"2016-03-11T15:21:25","date_gmt":"2016-03-11T13:21:25","guid":{"rendered":"http:\/\/www.sana.sy\/tr\/?p=64375"},"modified":"2016-03-11T21:18:43","modified_gmt":"2016-03-11T19:18:43","slug":"terorist-diyenin-kendisi-teroristtir","status":"publish","type":"post","link":"https:\/\/archive.sana.sy\/tr\/?p=64375","title":{"rendered":"Ter\u00f6rist Diyenin Kendisi Ter\u00f6risttir"},"content":{"rendered":"<p>KAH\u0130RE \u2013 Irak D\u0131\u015fi\u015fleri Bakan\u0131 \u0130brahim el Caferi Irak\u2019\u0131n zay\u0131f bir \u00fclke olmad\u0131\u011f\u0131n\u0131, fakat sava\u015fa s\u00fcr\u00fcklenmemek i\u00e7in bir k\u0131s\u0131m devletlerle ili\u015fkilerini korumaya \u00e7al\u0131\u015ft\u0131\u011f\u0131n\u0131 ifade etti.<\/p>\n<p>S\u00f6zde Arap Birli\u011finin M\u0131s\u0131r\u2019\u0131n ba\u015fkenti Kahire\u2019de d\u00fczenledi\u011fi d\u0131\u015fi\u015fleri bakanlar\u0131 toplant\u0131s\u0131nda yapt\u0131\u011f\u0131 konu\u015fmada Caferi; Irak\u2019ta I\u015e\u0130D\u2019e kar\u015f\u0131 m\u00fccadele veren Irak Halk G\u00fc\u00e7leri ve L\u00fcbnan\u2019da i\u015fgalci \u0130srail\u2019e ek olarak Suriye&#8217;de tekfirci ter\u00f6re kar\u015f\u0131 m\u00fccadele veren L\u00fcbnanl\u0131 Hizbullah Partisinin milli onuru koruduklar\u0131n\u0131 ifade etti. Caferi, milli \u00e7\u0131karlar\u0131 savunan Irak Halk G\u00fc\u00e7leri ve Hizbullah\u2019\u0131n ter\u00f6r \u00f6rg\u00fctleri olmad\u0131klar\u0131n\u0131, onlara ter\u00f6rist diyenlerin kendileri ter\u00f6rist olduklar\u0131n\u0131 s\u00f6yledi.<\/p>\n<p>Direni\u015f \u00f6rg\u00fctlerine ter\u00f6rist demenin hi\u00e7bir insana yak\u0131\u015fmad\u0131\u011f\u0131n\u0131 ifade eden Caferi; bu halk direni\u015f g\u00fc\u00e7lerinin d\u00fcnya genelinde bilinen ve herkes taraf\u0131ndan takdirle kar\u015f\u0131lanan direni\u015flerin uzant\u0131lar\u0131 oldu\u011funu belirtti.<\/p>\n<p>Bu arada toplant\u0131da Caferi\u2019nin konu\u015fmas\u0131 esnas\u0131nda tekfirci ter\u00f6re deste\u011fi ile bilinen Vahhabi Suudi Arabistan rejiminin heyeti toplant\u0131 salonunu terk etti.<\/p>\n<p>Irak ile T\u00fcrkiye aras\u0131ndaki ili\u015fkiler konusunda ise Caferi; \u00fclkesinin T\u00fcrkiye ile ili\u015fkilerine \u00f6nem ve \u00f6zen g\u00f6stermesiyle birlikte iyi olmas\u0131n\u0131 temenni etmesine ra\u011fmen T\u00fcrkiye rejiminin Irak ve di\u011fer komlu devletlerinin i\u00e7i\u015flerine m\u00fcdahalesini k\u0131nad\u0131\u011f\u0131n\u0131 vurgulad\u0131.<\/p>\n","protected":false},"excerpt":{"rendered":"<p>KAH\u0130RE \u2013 Irak D\u0131\u015fi\u015fleri Bakan\u0131 \u0130brahim el Caferi Irak\u2019\u0131n zay\u0131f bir \u00fclke olmad\u0131\u011f\u0131n\u0131, fakat sava\u015fa s\u00fcr\u00fcklenmemek i\u00e7in bir k\u0131s\u0131m devletlerle ili\u015fkilerini korumaya \u00e7al\u0131\u015ft\u0131\u011f\u0131n\u0131 ifade etti. S\u00f6zde Arap Birli\u011finin M\u0131s\u0131r\u2019\u0131n ba\u015fkenti Kahire\u2019de d\u00fczenledi\u011fi d\u0131\u015fi\u015fleri bakanlar\u0131 toplant\u0131s\u0131nda yapt\u0131\u011f\u0131 konu\u015fmada Caferi; Irak\u2019ta I\u015e\u0130D\u2019e kar\u015f\u0131 m\u00fccadele veren Irak Halk G\u00fc\u00e7leri ve L\u00fcbnan\u2019da i\u015fgalci \u0130srail\u2019e ek olarak Suriye&#8217;de tekfirci ter\u00f6re &hellip;<\/p>\n","protected":false},"author":1,"featured_media":64376,"comment_status":"closed","ping_status":"closed","sticky":false,"template":"","format":"standard","meta":{"footnotes":""},"categories":[458,459,447],"tags":[19797,17717,19796],"class_list":["post-64375","post","type-post","status-publish","format-standard","has-post-thumbnail","","category-dunya1","category-haberler-arap-uluslararasi-politika","category-politika","tag-direnis-orgutlerine-terorist-deme","tag-irak-disisleri-bakani-ibrahim-el-caferi","tag-irak-ile-turkiye-arasindaki-iliskiler"],"_links":{"self":[{"href":"https:\/\/archive.sana.sy\/tr\/index.php?rest_route=\/wp\/v2\/posts\/64375","targetHints":{"allow":["GET"]}}],"collection":[{"href":"https:\/\/archive.sana.sy\/tr\/index.php?rest_route=\/wp\/v2\/posts"}],"about":[{"href":"https:\/\/archive.sana.sy\/tr\/index.php?rest_route=\/wp\/v2\/types\/post"}],"author":[{"embeddable":true,"href":"https:\/\/archive.sana.sy\/tr\/index.php?rest_route=\/wp\/v2\/users\/1"}],"replies":[{"embeddable":true,"href":"https:\/\/archive.sana.sy\/tr\/index.php?rest_route=%2Fwp%2Fv2%2Fcomments&post=64375"}],"version-history":[{"count":0,"href":"https:\/\/archive.sana.sy\/tr\/index.php?rest_route=\/wp\/v2\/posts\/64375\/revisions"}],"wp:featuredmedia":[{"embeddable":true,"href":"https:\/\/archive.sana.sy\/tr\/index.php?rest_route=\/wp\/v2\/media\/64376"}],"wp:attachment":[{"href":"https:\/\/archive.sana.sy\/tr\/index.php?rest_route=%2Fwp%2Fv2%2Fmedia&parent=64375"}],"wp:term":[{"taxonomy":"category","embeddable":true,"href":"https:\/\/archive.sana.sy\/tr\/index.php?rest_route=%2Fwp%2Fv2%2Fcategories&post=64375"},{"taxonomy":"post_tag","embeddable":true,"href":"https:\/\/archive.sana.sy\/tr\/index.php?rest_route=%2Fwp%2Fv2%2Ftags&post=64375"}],"curies":[{"name":"wp","href":"https:\/\/api.w.org\/{rel}","templated":true}]}}