{"id":64385,"date":"2016-03-11T23:50:00","date_gmt":"2016-03-11T21:50:00","guid":{"rendered":"http:\/\/www.sana.sy\/tr\/?p=64385"},"modified":"2016-03-12T17:49:05","modified_gmt":"2016-03-12T15:49:05","slug":"bircok-koy-ve-beldede-guvenlik-saglandi-57-terorist-olu-olarak-ele-gecirildi","status":"publish","type":"post","link":"https:\/\/archive.sana.sy\/tr\/?p=64385","title":{"rendered":"Bir\u00e7ok K\u00f6y ve Beldede G\u00fcvenlik Sa\u011fland\u0131\u2026. 57 Ter\u00f6rist \u00d6l\u00fc Olarak Ele Ge\u00e7irildi"},"content":{"rendered":"<p>\u0130LLER \u2013 Kahraman ordu birliklerimizi Lazkiye\u2019nin kuzey k\u0131rsal\u0131nda bir\u00e7ok k\u00f6y ve beldede g\u00fcvenlik ve istikrar\u0131 sa\u011flayarak stratejik bir\u00e7ok noktada kontrol\u00fc ele ge\u00e7irdi.\u00a0Ayr\u0131ca Hama k\u0131rsal\u0131nda meydana gelen \u00e7at\u0131\u015fmalarda I\u015e\u0130D ter\u00f6r \u00f6rg\u00fct\u00fcne ba\u011fl\u0131 20 ter\u00f6risti Nusra Cephesine ba\u011fl\u0131 37 ter\u00f6risti \u00f6l\u00fc olarak ele ge\u00e7irdi.<\/p>\n<p><span style=\"color: #0000ff\">Lazkiye K\u0131rsal\u0131nda Bir\u00e7ok K\u00f6y ve Beldede G\u00fcvenlik Sa\u011fland\u0131<\/span><\/p>\n<p>Askeri bir kaynak yapt\u0131\u011f\u0131 a\u00e7\u0131klamada kahraman ordu birliklerimizin Lazkiye\u2019nin kuzey k\u0131rsal\u0131nda bir\u00e7ok k\u00f6y ve beldede g\u00fcvenlik ve istikrar\u0131 sa\u011flad\u0131\u011f\u0131n\u0131 ve bir\u00e7ok stratejik noktada kontrol\u00fc ele ge\u00e7irdi\u011fini ifade ederek Mezaala, Tahun, Kastal ve Hayrdebin k\u00f6y-mahallelerinde g\u00fcvenlik ve istikrar\u0131n sa\u011fland\u0131\u011f\u0131n\u0131 belirtti.<\/p>\n<p>Kaynak, ayr\u0131ca kahraman birliklerimizin Lazkiye\u2019nin kuzey k\u0131rsal\u0131nda yer alan Cebel el Kale\u2019de stratejik bir\u00e7ok noktada askeri \u00fcst\u00fcnl\u00fck sa\u011flad\u0131klar\u0131n\u0131 ve kontrol\u00fc ele ge\u00e7irdiklerini beyan etti.<\/p>\n<p><span style=\"color: #0000ff\">Hama K\u0131rsal\u0131nda 57 Ter\u00f6rist \u00d6l\u00fc Olarak Ele ge\u00e7irildi<\/span><\/p>\n<p>Kahraman ordu birliklerimiz Hama k\u0131rsal\u0131nda tekfirci ter\u00f6re kar\u015f\u0131 operasyonlar kapsam\u0131nda meydana gelen \u00e7at\u0131\u015fmalarda I\u015e\u0130D ve Nusra Cephesi ter\u00f6r \u00f6rg\u00fctlerine ba\u011fl\u0131 toplam 57 ter\u00f6risti \u00f6l\u00fc olarak ele ge\u00e7irdiler.<\/p>\n<p>Konuyla ilgili a\u00e7\u0131klama yapan askeri bir kaynak, Nusra Cephesine ba\u011fl\u0131 ter\u00f6ristlerin Hama k\u0131rsal\u0131nda,KeferNabuda Beldesi, Habiyt ve el Bane b\u00f6lgelerinden Tel Sah\u0131r, Hemamiyat ve Bireydec b\u00f6lgelerine s\u0131zmaya \u00e7al\u0131\u015ft\u0131klar\u0131 s\u0131rada kahraman birliklerimizin m\u00fcdahale etmesiyle \u00e7at\u0131\u015fma ba\u015flad\u0131\u011f\u0131n\u0131 ifade etti.<\/p>\n<p>\u00c7at\u0131\u015fmada 37 ter\u00f6ristin \u00f6l\u00fc olarak ele ge\u00e7irildi\u011fine i\u015faret eden kaynak, ayr\u0131ca ter\u00f6ristlere ait makineli t\u00fcfeklerle donat\u0131lm\u0131\u015f 4 arac\u0131n ve bir havan bataryas\u0131n\u0131n ele ge\u00e7irildi\u011fini belirtti.<\/p>\n<p>Hama\u2019n\u0131n do\u011fu k\u0131rsal\u0131nda ter\u00f6r yuvalar\u0131na kar\u015f\u0131 hava operasyonlar\u0131n\u0131n devam etti\u011fine de\u011finen kaynak d\u00fcn kahraman ordu birliklerimiz taraf\u0131ndan d\u00fczenlenen bir hava operasyonunda Ebu Dali, Sevha, Akirbat, Kastal ve Cub er Reyan b\u00f6lgelerinde I\u015e\u0130D ter\u00f6r \u00f6rg\u00fct\u00fcne ba\u011fl\u0131 20 ter\u00f6ristin \u00f6l\u00fc olarak ele ge\u00e7irildi\u011fini belirtti.<\/p>\n","protected":false},"excerpt":{"rendered":"<p>\u0130LLER \u2013 Kahraman ordu birliklerimizi Lazkiye\u2019nin kuzey k\u0131rsal\u0131nda bir\u00e7ok k\u00f6y ve beldede g\u00fcvenlik ve istikrar\u0131 sa\u011flayarak stratejik bir\u00e7ok noktada kontrol\u00fc ele ge\u00e7irdi.\u00a0Ayr\u0131ca Hama k\u0131rsal\u0131nda meydana gelen \u00e7at\u0131\u015fmalarda I\u015e\u0130D ter\u00f6r \u00f6rg\u00fct\u00fcne ba\u011fl\u0131 20 ter\u00f6risti Nusra Cephesine ba\u011fl\u0131 37 ter\u00f6risti \u00f6l\u00fc olarak ele ge\u00e7irdi. Lazkiye K\u0131rsal\u0131nda Bir\u00e7ok K\u00f6y ve Beldede G\u00fcvenlik Sa\u011fland\u0131 Askeri bir kaynak yapt\u0131\u011f\u0131 a\u00e7\u0131klamada &hellip;<\/p>\n","protected":false},"author":1,"featured_media":64386,"comment_status":"closed","ping_status":"closed","sticky":false,"template":"","format":"standard","meta":{"footnotes":""},"categories":[575],"tags":[3464,18237,18576,2318,18674,19034,17320],"class_list":["post-64385","post","type-post","status-publish","format-standard","has-post-thumbnail","","category-olaylar-ve-gercekler","tag-nusra-cephesi","tag-cihatcilar","tag-daes","tag-isid","tag-silahli-muhalifler","tag-suriyeli-muhalifler","tag-tekfirciler"],"_links":{"self":[{"href":"https:\/\/archive.sana.sy\/tr\/index.php?rest_route=\/wp\/v2\/posts\/64385","targetHints":{"allow":["GET"]}}],"collection":[{"href":"https:\/\/archive.sana.sy\/tr\/index.php?rest_route=\/wp\/v2\/posts"}],"about":[{"href":"https:\/\/archive.sana.sy\/tr\/index.php?rest_route=\/wp\/v2\/types\/post"}],"author":[{"embeddable":true,"href":"https:\/\/archive.sana.sy\/tr\/index.php?rest_route=\/wp\/v2\/users\/1"}],"replies":[{"embeddable":true,"href":"https:\/\/archive.sana.sy\/tr\/index.php?rest_route=%2Fwp%2Fv2%2Fcomments&post=64385"}],"version-history":[{"count":0,"href":"https:\/\/archive.sana.sy\/tr\/index.php?rest_route=\/wp\/v2\/posts\/64385\/revisions"}],"wp:featuredmedia":[{"embeddable":true,"href":"https:\/\/archive.sana.sy\/tr\/index.php?rest_route=\/wp\/v2\/media\/64386"}],"wp:attachment":[{"href":"https:\/\/archive.sana.sy\/tr\/index.php?rest_route=%2Fwp%2Fv2%2Fmedia&parent=64385"}],"wp:term":[{"taxonomy":"category","embeddable":true,"href":"https:\/\/archive.sana.sy\/tr\/index.php?rest_route=%2Fwp%2Fv2%2Fcategories&post=64385"},{"taxonomy":"post_tag","embeddable":true,"href":"https:\/\/archive.sana.sy\/tr\/index.php?rest_route=%2Fwp%2Fv2%2Ftags&post=64385"}],"curies":[{"name":"wp","href":"https:\/\/api.w.org\/{rel}","templated":true}]}}