{"id":64398,"date":"2016-03-11T23:55:24","date_gmt":"2016-03-11T21:55:24","guid":{"rendered":"http:\/\/www.sana.sy\/tr\/?p=64398"},"modified":"2016-03-13T19:46:07","modified_gmt":"2016-03-13T17:46:07","slug":"isid-ve-nusra-cephesi-medeniyeti-savunan-bariscil-hareketler-mi-sayiliyor","status":"publish","type":"post","link":"https:\/\/archive.sana.sy\/tr\/?p=64398","title":{"rendered":"I\u015e\u0130D ve Nusra Cephesi Medeniyeti Savunan Bar\u0131\u015f\u00e7\u0131l Hareketler Mi Say\u0131l\u0131yor"},"content":{"rendered":"<p>\u015eAM \u2013 Enformasyon bakan\u0131 Omran el Zoubi Arap Birli\u011finin L\u00fcbnanl\u0131 Hizbullah Partisinine kar\u015f\u0131 ald\u0131\u011f\u0131 karar\u0131n onun ve Suudi Arabistan rejiminin iflaslar\u0131n\u0131, acizliklerini ve i\u00e7ine d\u00fc\u015ft\u00fckleri pani\u011fi yans\u0131tt\u0131\u011f\u0131n\u0131 belirtti.<\/p>\n<p>L\u00fcbnanl\u0131 el Menar Televizyonu ile bu ak\u015fam bulundu\u011fu telefon g\u00f6r\u00fc\u015fmesinde Bakan Zoubi; Arap birli\u011finin hi\u00e7bir zaman Arap halk\u0131n\u0131n ger\u00e7ek talepleri ve ihtiya\u00e7lar\u0131yla ilgilenmedi\u011fine dikkat \u00e7ekti. Arap Birli\u011finin Filistin davas\u0131n\u0131 da satt\u0131\u011f\u0131n\u0131 ve d\u00fc\u015fman \u0130srail ile i\u015fbirli\u011fine girdi\u011fini ifade eden Zuobi; Hizbullah\u2019a kar\u015f\u0131 bu karar\u0131yla intihar etmi\u015f oldu\u011funu s\u00f6zlerine ekledi.<\/p>\n<p>Zoubi Suudi Arabistan\u2019\u0131n tarihini ve d\u00fc\u015f\u00fcnce yap\u0131s\u0131n\u0131 bilen herkesin bu karara \u015fa\u015f\u0131rmad\u0131\u011f\u0131na dikkat \u00e7ekti. L\u00fcbnanl\u0131 Hizbullah ve Irakl\u0131 Halk G\u00fc\u00e7lerinin Suudi Arabistan, K\u00f6rfez \u0130\u015fbirli\u011fi \u00d6rg\u00fct\u00fc ve Arap Birli\u011fi taraf\u0131ndan ter\u00f6r \u00f6rg\u00fctleri olarak nitelendirilmelerinin ne anlama geldi\u011fine dikkat \u00e7eken Zoubi; bu durumda s\u00f6z konusu iki direni\u015f g\u00fcc\u00fcn\u00fcn sava\u015ft\u0131klar\u0131 I\u015e\u0130D ve Nusra Cephesinin BMGK ve uluslar aras\u0131 toplumun nitelendirdikleri gibi ter\u00f6r \u00f6rg\u00fctleri de\u011fil de medeniyeti savunan bar\u0131\u015f hareketleri say\u0131lacaklar\u0131na vurgu yapt\u0131. Zoubi Suudi rejimi K\u00f6rfez \u0130\u015fbirli\u011fi \u00d6rg\u00fct\u00fc ve Arap Birli\u011finin bu karar\u0131n\u0131n bu anlama geldi\u011fini, bunun da mant\u0131k ya da insani ilkelerle ba\u011fda\u015fmad\u0131\u011f\u0131n\u0131n alt\u0131n\u0131 \u00e7izdi.<\/p>\n<p>Bakan Zoubi bunun tam anlam\u0131yla siyasi a\u015fa\u011f\u0131l\u0131k ve ahlaki \u00e7\u00f6k\u00fc\u015f\u00fcn bizzat kendisi oldu\u011funa vurgu yapt\u0131.<br \/>\nSuriye devletinin d\u00fc\u015f\u00fcr\u00fclmesi konusunda yap\u0131lan a\u00e7\u0131klamalara ili\u015fkin ele\u015ftirilerinde ise Enformasyon Bakan\u0131 Zoubi; hi\u00e7 kimsenin Suriye devletini d\u00fc\u015f\u00fcrmesinin m\u00fcmk\u00fcn olmad\u0131\u011f\u0131n\u0131 belirtti. Zoubi \u00f6zellikle T\u00fcrkiye rejimi ve Al Suud rejiminin bu y\u00f6nde yapt\u0131klar\u0131 a\u00e7\u0131klamalar\u0131n i\u00e7ine d\u00fc\u015ft\u00fckleri iflas ve \u00e7\u0131kmazl\u0131\u011f\u0131 \u00f6rtbas etme ama\u00e7l\u0131 propagandadan ibaret oldu\u011funu belirtti.<\/p>\n","protected":false},"excerpt":{"rendered":"<p>\u015eAM \u2013 Enformasyon bakan\u0131 Omran el Zoubi Arap Birli\u011finin L\u00fcbnanl\u0131 Hizbullah Partisinine kar\u015f\u0131 ald\u0131\u011f\u0131 karar\u0131n onun ve Suudi Arabistan rejiminin iflaslar\u0131n\u0131, acizliklerini ve i\u00e7ine d\u00fc\u015ft\u00fckleri pani\u011fi yans\u0131tt\u0131\u011f\u0131n\u0131 belirtti. L\u00fcbnanl\u0131 el Menar Televizyonu ile bu ak\u015fam bulundu\u011fu telefon g\u00f6r\u00fc\u015fmesinde Bakan Zoubi; Arap birli\u011finin hi\u00e7bir zaman Arap halk\u0131n\u0131n ger\u00e7ek talepleri ve ihtiya\u00e7lar\u0131yla ilgilenmedi\u011fine dikkat \u00e7ekti. Arap Birli\u011finin &hellip;<\/p>\n","protected":false},"author":1,"featured_media":64390,"comment_status":"closed","ping_status":"closed","sticky":false,"template":"","format":"standard","meta":{"footnotes":""},"categories":[479,17988,478],"tags":[17124,19799],"class_list":["post-64398","post","type-post","status-publish","format-standard","has-post-thumbnail","","category-haberler-yerel","category-son-haberler","category-yerel","tag-enformasyon-bakani-omran-el-zoubi","tag-isid-ve-nusra-cephesi-medeniyeti-savunan-bariscil-hareketler-mi-sayiliyor"],"_links":{"self":[{"href":"https:\/\/archive.sana.sy\/tr\/index.php?rest_route=\/wp\/v2\/posts\/64398","targetHints":{"allow":["GET"]}}],"collection":[{"href":"https:\/\/archive.sana.sy\/tr\/index.php?rest_route=\/wp\/v2\/posts"}],"about":[{"href":"https:\/\/archive.sana.sy\/tr\/index.php?rest_route=\/wp\/v2\/types\/post"}],"author":[{"embeddable":true,"href":"https:\/\/archive.sana.sy\/tr\/index.php?rest_route=\/wp\/v2\/users\/1"}],"replies":[{"embeddable":true,"href":"https:\/\/archive.sana.sy\/tr\/index.php?rest_route=%2Fwp%2Fv2%2Fcomments&post=64398"}],"version-history":[{"count":0,"href":"https:\/\/archive.sana.sy\/tr\/index.php?rest_route=\/wp\/v2\/posts\/64398\/revisions"}],"wp:featuredmedia":[{"embeddable":true,"href":"https:\/\/archive.sana.sy\/tr\/index.php?rest_route=\/wp\/v2\/media\/64390"}],"wp:attachment":[{"href":"https:\/\/archive.sana.sy\/tr\/index.php?rest_route=%2Fwp%2Fv2%2Fmedia&parent=64398"}],"wp:term":[{"taxonomy":"category","embeddable":true,"href":"https:\/\/archive.sana.sy\/tr\/index.php?rest_route=%2Fwp%2Fv2%2Fcategories&post=64398"},{"taxonomy":"post_tag","embeddable":true,"href":"https:\/\/archive.sana.sy\/tr\/index.php?rest_route=%2Fwp%2Fv2%2Ftags&post=64398"}],"curies":[{"name":"wp","href":"https:\/\/api.w.org\/{rel}","templated":true}]}}