{"id":64400,"date":"2016-03-12T10:15:26","date_gmt":"2016-03-12T08:15:26","guid":{"rendered":"http:\/\/www.sana.sy\/tr\/?p=64400"},"modified":"2016-03-12T12:59:23","modified_gmt":"2016-03-12T10:59:23","slug":"askeri-kaynak-sanaya-aciklamasinda-hava-guclerimizin-homs-kirsalinin-dogu-ve-guneydogusu-karyeteyn-ve-mhasse-bolgelerinin-yani-sira-tedmur-kenti-civarlarinda-isid-karargahlari-ve-araclarini-m","status":"publish","type":"post","link":"https:\/\/archive.sana.sy\/tr\/?p=64400","title":{"rendered":"Askeri kaynak SANA\u2019ya a\u00e7\u0131klamas\u0131nda hava g\u00fc\u00e7lerimizin Homs k\u0131rsal\u0131n\u0131n do\u011fu ve g\u00fcneydo\u011fusu Karyeteyn ve Mhasse b\u00f6lgelerinin yan\u0131 s\u0131ra Tedmur Kenti civarlar\u0131nda I\u015e\u0130D karargahlar\u0131 ve ara\u00e7lar\u0131n\u0131 muhtevalar\u0131yla imha ettiklerini belirtti"},"content":{"rendered":"<p>Askeri kaynak SANA\u2019ya a\u00e7\u0131klamas\u0131nda hava g\u00fc\u00e7lerimizin Homs k\u0131rsal\u0131n\u0131n do\u011fu ve g\u00fcneydo\u011fusu Karyeteyn ve Mhasse b\u00f6lgelerinin yan\u0131 s\u0131ra Tedmur Kenti civarlar\u0131nda I\u015e\u0130D karargahlar\u0131 ve ara\u00e7lar\u0131n\u0131 muhtevalar\u0131yla imha ettiklerini belirtti<\/p>\n","protected":false},"excerpt":{"rendered":"<p>Askeri kaynak SANA\u2019ya a\u00e7\u0131klamas\u0131nda hava g\u00fc\u00e7lerimizin Homs k\u0131rsal\u0131n\u0131n do\u011fu ve g\u00fcneydo\u011fusu Karyeteyn ve Mhasse b\u00f6lgelerinin yan\u0131 s\u0131ra Tedmur Kenti civarlar\u0131nda I\u015e\u0130D karargahlar\u0131 ve ara\u00e7lar\u0131n\u0131 muhtevalar\u0131yla imha ettiklerini belirtti<\/p>\n","protected":false},"author":1,"featured_media":0,"comment_status":"closed","ping_status":"closed","sticky":false,"template":"","format":"standard","meta":{"footnotes":""},"categories":[17991],"tags":[],"class_list":["post-64400","post","type-post","status-publish","format-standard","","category-son-dakika"],"_links":{"self":[{"href":"https:\/\/archive.sana.sy\/tr\/index.php?rest_route=\/wp\/v2\/posts\/64400","targetHints":{"allow":["GET"]}}],"collection":[{"href":"https:\/\/archive.sana.sy\/tr\/index.php?rest_route=\/wp\/v2\/posts"}],"about":[{"href":"https:\/\/archive.sana.sy\/tr\/index.php?rest_route=\/wp\/v2\/types\/post"}],"author":[{"embeddable":true,"href":"https:\/\/archive.sana.sy\/tr\/index.php?rest_route=\/wp\/v2\/users\/1"}],"replies":[{"embeddable":true,"href":"https:\/\/archive.sana.sy\/tr\/index.php?rest_route=%2Fwp%2Fv2%2Fcomments&post=64400"}],"version-history":[{"count":0,"href":"https:\/\/archive.sana.sy\/tr\/index.php?rest_route=\/wp\/v2\/posts\/64400\/revisions"}],"wp:attachment":[{"href":"https:\/\/archive.sana.sy\/tr\/index.php?rest_route=%2Fwp%2Fv2%2Fmedia&parent=64400"}],"wp:term":[{"taxonomy":"category","embeddable":true,"href":"https:\/\/archive.sana.sy\/tr\/index.php?rest_route=%2Fwp%2Fv2%2Fcategories&post=64400"},{"taxonomy":"post_tag","embeddable":true,"href":"https:\/\/archive.sana.sy\/tr\/index.php?rest_route=%2Fwp%2Fv2%2Ftags&post=64400"}],"curies":[{"name":"wp","href":"https:\/\/api.w.org\/{rel}","templated":true}]}}