{"id":64406,"date":"2016-03-12T13:08:26","date_gmt":"2016-03-12T11:08:26","guid":{"rendered":"http:\/\/www.sana.sy\/tr\/?p=64406"},"modified":"2016-03-12T13:08:26","modified_gmt":"2016-03-12T11:08:26","slug":"basbakan-yardimcisi-disisleri-ve-gurbetciler-bakani-velid-el-muallim-cenevrede-suriyeliler-arasinda-yapilacak-gorusmeler-konusunda-basin-toplantisi-duzenliyor","status":"publish","type":"post","link":"https:\/\/archive.sana.sy\/tr\/?p=64406","title":{"rendered":"Ba\u015fbakan Yard\u0131mc\u0131s\u0131 D\u0131\u015fi\u015fleri ve Gurbet\u00e7iler Bakan\u0131 Velid el Muallim Cenevre&#8217;de Suriyeliler aras\u0131nda yap\u0131lacak g\u00f6r\u00fc\u015fmeler konusunda bas\u0131n toplant\u0131s\u0131 d\u00fczenliyor"},"content":{"rendered":"<p>Ba\u015fbakan Yard\u0131mc\u0131s\u0131 D\u0131\u015fi\u015fleri ve Gurbet\u00e7iler Bakan\u0131 Velid el Muallim Cenevre&#8217;de Suriyeliler aras\u0131nda yap\u0131lacak g\u00f6r\u00fc\u015fmeler konusunda bas\u0131n toplant\u0131s\u0131 d\u00fczenliyor<\/p>\n","protected":false},"excerpt":{"rendered":"<p>Ba\u015fbakan Yard\u0131mc\u0131s\u0131 D\u0131\u015fi\u015fleri ve Gurbet\u00e7iler Bakan\u0131 Velid el Muallim Cenevre&#8217;de Suriyeliler aras\u0131nda yap\u0131lacak g\u00f6r\u00fc\u015fmeler konusunda bas\u0131n toplant\u0131s\u0131 d\u00fczenliyor<\/p>\n","protected":false},"author":1,"featured_media":0,"comment_status":"closed","ping_status":"closed","sticky":false,"template":"","format":"standard","meta":{"footnotes":""},"categories":[17991],"tags":[],"class_list":["post-64406","post","type-post","status-publish","format-standard","","category-son-dakika"],"_links":{"self":[{"href":"https:\/\/archive.sana.sy\/tr\/index.php?rest_route=\/wp\/v2\/posts\/64406","targetHints":{"allow":["GET"]}}],"collection":[{"href":"https:\/\/archive.sana.sy\/tr\/index.php?rest_route=\/wp\/v2\/posts"}],"about":[{"href":"https:\/\/archive.sana.sy\/tr\/index.php?rest_route=\/wp\/v2\/types\/post"}],"author":[{"embeddable":true,"href":"https:\/\/archive.sana.sy\/tr\/index.php?rest_route=\/wp\/v2\/users\/1"}],"replies":[{"embeddable":true,"href":"https:\/\/archive.sana.sy\/tr\/index.php?rest_route=%2Fwp%2Fv2%2Fcomments&post=64406"}],"version-history":[{"count":0,"href":"https:\/\/archive.sana.sy\/tr\/index.php?rest_route=\/wp\/v2\/posts\/64406\/revisions"}],"wp:attachment":[{"href":"https:\/\/archive.sana.sy\/tr\/index.php?rest_route=%2Fwp%2Fv2%2Fmedia&parent=64406"}],"wp:term":[{"taxonomy":"category","embeddable":true,"href":"https:\/\/archive.sana.sy\/tr\/index.php?rest_route=%2Fwp%2Fv2%2Fcategories&post=64406"},{"taxonomy":"post_tag","embeddable":true,"href":"https:\/\/archive.sana.sy\/tr\/index.php?rest_route=%2Fwp%2Fv2%2Ftags&post=64406"}],"curies":[{"name":"wp","href":"https:\/\/api.w.org\/{rel}","templated":true}]}}