{"id":64424,"date":"2016-03-12T13:45:52","date_gmt":"2016-03-12T11:45:52","guid":{"rendered":"http:\/\/www.sana.sy\/tr\/?p=64424"},"modified":"2016-03-12T13:32:37","modified_gmt":"2016-03-12T11:32:37","slug":"anlasmanin-hayata-gecirilmesinden-once-suriye-ordusunun-bircok-bolgede-dis-guclerin-destekledikleri-terore-karsi-onemli-ve-stratejik-ilerlemeler-sagladigini-konumunun-da-oldukca-guclu-oldugunun-altin","status":"publish","type":"post","link":"https:\/\/archive.sana.sy\/tr\/?p=64424","title":{"rendered":"Anla\u015fman\u0131n hayata ge\u00e7irilmesinden \u00f6nce Suriye ordusunun bir\u00e7ok b\u00f6lgede d\u0131\u015f g\u00fc\u00e7lerin destekledikleri ter\u00f6re kar\u015f\u0131 \u00f6nemli ve stratejik ilerlemeler sa\u011flad\u0131\u011f\u0131n\u0131, konumunun da olduk\u00e7a g\u00fc\u00e7l\u00fc oldu\u011funun alt\u0131n\u0131 \u00e7izen Muallim; Suriye&#8217;nin anla\u015fmay\u0131 sadece ve sadece Suriyelilerin kanlar\u0131n\u0131n ak\u0131t\u0131lmas\u0131na s\u0131n\u0131r koyma hedefiyle kabul edip uygulad\u0131\u011f\u0131n\u0131 vurgulad\u0131"},"content":{"rendered":"<p>Anla\u015fman\u0131n hayata ge\u00e7irilmesinden \u00f6nce Suriye ordusunun bir\u00e7ok b\u00f6lgede d\u0131\u015f g\u00fc\u00e7lerin destekledikleri ter\u00f6re kar\u015f\u0131 \u00f6nemli ve stratejik ilerlemeler sa\u011flad\u0131\u011f\u0131n\u0131, konumunun da olduk\u00e7a g\u00fc\u00e7l\u00fc oldu\u011funun alt\u0131n\u0131 \u00e7izen Muallim; Suriye&#8217;nin anla\u015fmay\u0131 sadece ve sadece Suriyelilerin kanlar\u0131n\u0131n ak\u0131t\u0131lmas\u0131na s\u0131n\u0131r koyma hedefiyle kabul edip uygulad\u0131\u011f\u0131n\u0131 vurgulad\u0131<\/p>\n","protected":false},"excerpt":{"rendered":"<p>Anla\u015fman\u0131n hayata ge\u00e7irilmesinden \u00f6nce Suriye ordusunun bir\u00e7ok b\u00f6lgede d\u0131\u015f g\u00fc\u00e7lerin destekledikleri ter\u00f6re kar\u015f\u0131 \u00f6nemli ve stratejik ilerlemeler sa\u011flad\u0131\u011f\u0131n\u0131, konumunun da olduk\u00e7a g\u00fc\u00e7l\u00fc oldu\u011funun alt\u0131n\u0131 \u00e7izen Muallim; Suriye&#8217;nin anla\u015fmay\u0131 sadece ve sadece Suriyelilerin kanlar\u0131n\u0131n ak\u0131t\u0131lmas\u0131na s\u0131n\u0131r koyma hedefiyle kabul edip uygulad\u0131\u011f\u0131n\u0131 vurgulad\u0131<\/p>\n","protected":false},"author":1,"featured_media":0,"comment_status":"closed","ping_status":"closed","sticky":false,"template":"","format":"standard","meta":{"footnotes":""},"categories":[17991],"tags":[],"class_list":["post-64424","post","type-post","status-publish","format-standard","","category-son-dakika"],"_links":{"self":[{"href":"https:\/\/archive.sana.sy\/tr\/index.php?rest_route=\/wp\/v2\/posts\/64424","targetHints":{"allow":["GET"]}}],"collection":[{"href":"https:\/\/archive.sana.sy\/tr\/index.php?rest_route=\/wp\/v2\/posts"}],"about":[{"href":"https:\/\/archive.sana.sy\/tr\/index.php?rest_route=\/wp\/v2\/types\/post"}],"author":[{"embeddable":true,"href":"https:\/\/archive.sana.sy\/tr\/index.php?rest_route=\/wp\/v2\/users\/1"}],"replies":[{"embeddable":true,"href":"https:\/\/archive.sana.sy\/tr\/index.php?rest_route=%2Fwp%2Fv2%2Fcomments&post=64424"}],"version-history":[{"count":0,"href":"https:\/\/archive.sana.sy\/tr\/index.php?rest_route=\/wp\/v2\/posts\/64424\/revisions"}],"wp:attachment":[{"href":"https:\/\/archive.sana.sy\/tr\/index.php?rest_route=%2Fwp%2Fv2%2Fmedia&parent=64424"}],"wp:term":[{"taxonomy":"category","embeddable":true,"href":"https:\/\/archive.sana.sy\/tr\/index.php?rest_route=%2Fwp%2Fv2%2Fcategories&post=64424"},{"taxonomy":"post_tag","embeddable":true,"href":"https:\/\/archive.sana.sy\/tr\/index.php?rest_route=%2Fwp%2Fv2%2Ftags&post=64424"}],"curies":[{"name":"wp","href":"https:\/\/api.w.org\/{rel}","templated":true}]}}