{"id":64428,"date":"2016-03-12T17:55:02","date_gmt":"2016-03-12T15:55:02","guid":{"rendered":"http:\/\/www.sana.sy\/tr\/?p=64428"},"modified":"2016-03-13T19:00:49","modified_gmt":"2016-03-13T17:00:49","slug":"gorusmeler-24-saat-icinde-baslamazsa-suriye-heyeti-sama-donecek","status":"publish","type":"post","link":"https:\/\/archive.sana.sy\/tr\/?p=64428","title":{"rendered":"G\u00f6r\u00fc\u015fmeler 24 Saat \u0130\u00e7inde Ba\u015flamazsa Suriye Heyeti \u015eam\u2019a D\u00f6necek (video)\u200f"},"content":{"rendered":"<p>\u015eAM \u2013 Ba\u015fbakan Yard\u0131mc\u0131s\u0131 D\u0131\u015fi\u015fleri ve Gurbet\u00e7iler Bakan\u0131 Velid el Muallim Cenevre&#8217;de Suriyeliler aras\u0131nda yap\u0131lacak g\u00f6r\u00fc\u015fmeler konusunda bas\u0131n toplant\u0131s\u0131 d\u00fczenledi.<\/p>\n<p>Bas\u0131n toplant\u0131s\u0131nda Muallim Suriye Arap Cumhuriyeti h\u00fck\u00fcmetinin, BM genel sekreterinin Suriye \u00f6zel temsilcisi Staffan de Mistura\u2019dan Suriyeliler aras\u0131nda Cenevre&#8217;de yap\u0131lacak g\u00f6r\u00fc\u015fmeler \u00e7er\u00e7evesinde 14 Mart Pazartesi g\u00fcn\u00fc Suriye h\u00fck\u00fcmeti heyeti ile bir araya gelece\u011fine ili\u015fkin davet ald\u0131\u011f\u0131n\u0131 belirtti. Muallim Suriye Arap Cumhuriyeti heyeti ile de Mistura aras\u0131ndaki toplant\u0131n\u0131n Cenevre&#8217;deki BM binas\u0131nda olaca\u011f\u0131n\u0131 ifade ederken, de Mistura\u2019n\u0131n ilk ba\u015fta Suriye h\u00fck\u00fcmeti heyeti ile bir araya gelmesini iyi oldu\u011funu s\u00f6yledi.<\/p>\n<p><a href=\"http:\/\/www.sana.sy\/tr\/wp-content\/uploads\/2016\/03\/1-28.jpg\"><img loading=\"lazy\" decoding=\"async\" class=\"alignright wp-image-64494 size-medium\" src=\"http:\/\/www.sana.sy\/tr\/wp-content\/uploads\/2016\/03\/1-28-300x182.jpg\" alt=\"1\" width=\"300\" height=\"182\" srcset=\"https:\/\/archive.sana.sy\/tr\/wp-content\/uploads\/2016\/03\/1-28-300x182.jpg 300w, https:\/\/archive.sana.sy\/tr\/wp-content\/uploads\/2016\/03\/1-28-150x91.jpg 150w, https:\/\/archive.sana.sy\/tr\/wp-content\/uploads\/2016\/03\/1-28-768x467.jpg 768w, https:\/\/archive.sana.sy\/tr\/wp-content\/uploads\/2016\/03\/1-28-1024x622.jpg 1024w\" sizes=\"auto, (max-width: 300px) 100vw, 300px\" \/><\/a>Suriye Arap Cumhuriyeti heyetinin Cenevre\u2019de g\u00f6r\u00fc\u015fmelerin ba\u015flamas\u0131 i\u00e7in en \u00e7ok 24 saat bekleyece\u011fini ifade eden Muallim; 14 Martta ba\u015flamas\u0131 kararla\u015ft\u0131r\u0131lan g\u00f6r\u00fc\u015fmelerin 24 saat i\u00e7inde ba\u015flamamas\u0131 halinde Suriye heyetinin \u015eam\u2019a d\u00f6nece\u011fini belirtti. Muallim bu durumda Suriye&#8217;nin g\u00f6r\u00fc\u015fmelerin aksat\u0131lmas\u0131 sorumlulu\u011funu da di\u011fer tarafa y\u00fckleyece\u011finin alt\u0131n\u0131 \u00e7izdi.<\/p>\n<p>Muallim Suriye&#8217;nin; de Mistura\u2019n\u0131n BMGK taraf\u0131ndan g\u00f6revlendirilmesinin yan\u0131 s\u0131ra Viyana deklarasyonlar\u0131 \u00e7er\u00e7evesinde Cenevre\u2019de yap\u0131lacak diyalog g\u00f6r\u00fc\u015fmelerinde \u00f6zellikle d\u0131\u015f ajandalara ba\u011fl\u0131 olmayan ulusalc\u0131 muhalefetten m\u00fcmk\u00fcn oldu\u011funca geni\u015f kesimi kapsamas\u0131n\u0131 umut etti\u011fini vurgulad\u0131.<\/p>\n<p>BM temsilcisi de Mistura\u2019n\u0131n Suriye&#8217;de cumhurba\u015fkanl\u0131\u011f\u0131 se\u00e7imlerinden s\u00f6z etme hakk\u0131 olmad\u0131\u011f\u0131n\u0131 ifade eden Muallim; bu konudan s\u00f6z etmesiyle uluslar aras\u0131 t\u00fcm belge ve kararlar\u0131 ihlal etmi\u015f oldu\u011funu s\u00f6yledi. Muallim cumhurba\u015fkanl\u0131\u011f\u0131 se\u00e7imleri meselesinin sadece ve sadece Suriye halk\u0131n\u0131n mutlak hakk\u0131 oldu\u011funun alt\u0131n\u0131 \u00e7izerken Suriye&#8217;nin, de Mistura\u2019n\u0131n ba\u015fka taraflar\u0131n g\u00f6nl\u00fcn\u00fc almak i\u00e7in tarafs\u0131zl\u0131ktan uzakla\u015fmas\u0131n\u0131 kabul etmeyece\u011fini vurgulad\u0131.<\/p>\n<p>13 Nisan tarihinde yap\u0131lmas\u0131 beklenen Halk Meclisi ya da Parlamento se\u00e7imlerinin tamamen anayasal bir istihkak oldu\u011funu ve kimsenin bu konuda \u00e7ekimser olmas\u0131n\u0131n kabul edilemez oldu\u011funu ifade eden Muallim; t\u00fcm Suriyelileri se\u00e7imlerde yo\u011fun kat\u0131l\u0131ma \u00e7a\u011f\u0131rd\u0131.<\/p>\n<p><a href=\"http:\/\/www.sana.sy\/tr\/wp-content\/uploads\/2016\/03\/2-17.jpg\"><img loading=\"lazy\" decoding=\"async\" class=\"alignright wp-image-64495 size-medium\" src=\"http:\/\/www.sana.sy\/tr\/wp-content\/uploads\/2016\/03\/2-17-300x186.jpg\" alt=\"2\" width=\"300\" height=\"186\" srcset=\"https:\/\/archive.sana.sy\/tr\/wp-content\/uploads\/2016\/03\/2-17-300x186.jpg 300w, https:\/\/archive.sana.sy\/tr\/wp-content\/uploads\/2016\/03\/2-17-150x93.jpg 150w, https:\/\/archive.sana.sy\/tr\/wp-content\/uploads\/2016\/03\/2-17-768x476.jpg 768w, https:\/\/archive.sana.sy\/tr\/wp-content\/uploads\/2016\/03\/2-17-1024x634.jpg 1024w\" sizes=\"auto, (max-width: 300px) 100vw, 300px\" \/><\/a>Muallim Suriye&#8217;nin \u00e7at\u0131\u015fmalar\u0131n durdurulmas\u0131 anla\u015fmas\u0131n\u0131 kabul etti\u011fini ve bu anla\u015fmaya ba\u011fl\u0131l\u0131\u011f\u0131n\u0131 s\u00fcrd\u00fcrd\u00fc\u011f\u00fcn\u00fc ifade ederken, anla\u015fman\u0131n bir \u00e7ok kez ihlal edildi\u011fini; Suriye ordusunun bu ihlallerin bir k\u0131sm\u0131na kar\u015f\u0131l\u0131k verdi\u011fini bir k\u0131sm\u0131na da vermedi\u011fini belirtti.\u00a0Muallim Suriye ordusunun anla\u015fman\u0131n ihlallerine kar\u015f\u0131 cevap verme hakk\u0131n\u0131 bir kez daha vurgulad\u0131.<\/p>\n<p>Anla\u015fman\u0131n hayata ge\u00e7irilmesinden \u00f6nce Suriye ordusunun bir\u00e7ok b\u00f6lgede d\u0131\u015f g\u00fc\u00e7lerin destekledikleri ter\u00f6re kar\u015f\u0131 \u00f6nemli ve stratejik ilerlemeler sa\u011flad\u0131\u011f\u0131n\u0131, konumunun da olduk\u00e7a g\u00fc\u00e7l\u00fc oldu\u011funun alt\u0131n\u0131 \u00e7izen Muallim; Suriye&#8217;nin anla\u015fmay\u0131 sadece ve sadece Suriyelilerin kanlar\u0131n\u0131n ak\u0131t\u0131lmas\u0131na s\u0131n\u0131r koyma hedefiyle kabul edip uygulad\u0131\u011f\u0131n\u0131 vurgulad\u0131.<\/p>\n<p>Suriye&#8217;deki krizin sona do\u011fru y\u00f6neldi\u011fini belirten Muallim; silah ta\u015f\u0131yan t\u00fcm Suriyelileri \u00e7at\u0131\u015fmalar\u0131 durdurma anla\u015fmas\u0131ndan istifade edip silah\u0131n\u0131 b\u0131rakmaya, uzla\u015fmaya kat\u0131lma ve vatan kuca\u011f\u0131na d\u00f6nmeye \u00e7a\u011f\u0131rd\u0131.<\/p>\n<p>Suriye&#8217;ye karadan askeri m\u00fcdahale konusunda ise Muallim; hi\u00e7 kimsenin b\u00f6yle bir \u015feye cesaret etmesinin m\u00fcmk\u00fcn olmad\u0131\u011f\u0131n\u0131n alt\u0131n\u0131 \u00e7izerken, bu y\u00f6ndeki a\u00e7\u0131klamalar\u0131n gerilemesi ve ABD ba\u015fkan\u0131 Barack Obama\u2019n\u0131n son a\u00e7\u0131klamalar\u0131n\u0131n bunu kan\u0131tlad\u0131\u011f\u0131n\u0131 belirtti.<\/p>\n<p><a href=\"http:\/\/www.sana.sy\/tr\/wp-content\/uploads\/2016\/03\/3-17.jpg\"><img loading=\"lazy\" decoding=\"async\" class=\"alignright wp-image-64496 size-medium\" src=\"http:\/\/www.sana.sy\/tr\/wp-content\/uploads\/2016\/03\/3-17-300x190.jpg\" alt=\"3\" width=\"300\" height=\"190\" srcset=\"https:\/\/archive.sana.sy\/tr\/wp-content\/uploads\/2016\/03\/3-17-300x190.jpg 300w, https:\/\/archive.sana.sy\/tr\/wp-content\/uploads\/2016\/03\/3-17-150x95.jpg 150w, https:\/\/archive.sana.sy\/tr\/wp-content\/uploads\/2016\/03\/3-17-768x485.jpg 768w, https:\/\/archive.sana.sy\/tr\/wp-content\/uploads\/2016\/03\/3-17-1024x647.jpg 1024w\" sizes=\"auto, (max-width: 300px) 100vw, 300px\" \/><\/a>Ba\u015fbakan Yard\u0131mc\u0131s\u0131 D\u0131\u015fi\u015fleri ve Gurbet\u00e7iler Bakan\u0131 Muallim bas\u0131n toplant\u0131s\u0131nda Suriye halk\u0131n\u0131n, \u00fclkenin b\u00f6l\u00fcnmesi y\u00f6n\u00fcndeki her hangi bir \u00e7abay\u0131 mutlak bir \u015fekilde reddedece\u011finin alt\u0131n\u0131 \u00e7izdi.<\/p>\n<p>Ba\u015fbakan Yard\u0131mc\u0131s\u0131 D\u0131\u015fi\u015fleri ve Gurbet\u00e7iler Bakan\u0131 Muallim bas\u0131n toplant\u0131s\u0131nda Suriye halk\u0131n\u0131n, \u00fclkenin b\u00f6l\u00fcnmesi y\u00f6n\u00fcndeki her hangi bir \u00e7abay\u0131 mutlak bir \u015fekilde reddedece\u011finin alt\u0131n\u0131 \u00e7izdi. Rusya D\u0131\u015fi\u015fleri Bakan\u0131 Yard\u0131mc\u0131s\u0131 Sergey Ryabkov\u2019un Suriye&#8217;nin b\u00f6l\u00fcnmesi konusunda yapt\u0131\u011f\u0131 a\u00e7\u0131klamalar\u0131n\u0131n sapt\u0131r\u0131ld\u0131\u011f\u0131na dikkat \u00e7eken Muallim; Ryabkov\u2019un federal y\u00f6netimlerde Suriyelilerin onay\u0131n\u0131 \u015fart koydu\u011funa vurgu yapt\u0131. Muallim Suriyelilerin federal y\u00f6netimlerden s\u00f6z etmeyi reddettiklerini, Suriye&#8217;nin toprak ve halk b\u00fct\u00fcnl\u00fc\u011f\u00fcn\u00fcn korunmas\u0131na kararl\u0131l\u0131kla ba\u011fl\u0131 oldu\u011funun alt\u0131n\u0131 \u00e7izdi.<\/p>\n<p>Suriyeli K\u00fcrtlerin Suriye halk\u0131n\u0131n vazge\u00e7ilmez bir bile\u015feni oldu\u011funu vurgulayan Muallim; karde\u015f K\u00fcrtlerin ter\u00f6re kar\u015f\u0131 sava\u015fta Suriye halk\u0131n\u0131n di\u011fer kesimleriyle ayn\u0131 hendekte olduklar\u0131n\u0131 ifade etti.<\/p>\n<p>Muallim Suudi Arabistan rejiminin d\u0131\u015fi\u015fleri Bakan\u0131 Adil el Cubeyr\u2019in a\u00e7\u0131klamalar\u0131 konusunda ise; bu a\u00e7\u0131klamalar\u0131n C\u00fcbeyr taraf\u0131ndan s\u00fcrekli olarak tekrarlanan de\u011fersiz a\u00e7\u0131klamalar oldu\u011funu, Suudi rejiminin bu gibi a\u00e7\u0131klamalarda bulunmas\u0131ndan \u00f6nce kendi aynada g\u00f6rmesi gerekti\u011fini belirtti.<\/p>\n<p><a href=\"http:\/\/www.sana.sy\/tr\/wp-content\/uploads\/2016\/03\/4-14.jpg\"><img loading=\"lazy\" decoding=\"async\" class=\"alignright wp-image-64498 size-medium\" src=\"http:\/\/www.sana.sy\/tr\/wp-content\/uploads\/2016\/03\/4-14-300x191.jpg\" alt=\"4\" width=\"300\" height=\"191\" srcset=\"https:\/\/archive.sana.sy\/tr\/wp-content\/uploads\/2016\/03\/4-14-300x191.jpg 300w, https:\/\/archive.sana.sy\/tr\/wp-content\/uploads\/2016\/03\/4-14-150x96.jpg 150w, https:\/\/archive.sana.sy\/tr\/wp-content\/uploads\/2016\/03\/4-14-768x489.jpg 768w, https:\/\/archive.sana.sy\/tr\/wp-content\/uploads\/2016\/03\/4-14-1024x652.jpg 1024w\" sizes=\"auto, (max-width: 300px) 100vw, 300px\" \/><\/a>Suriye halk\u0131n\u0131n her zamandan daha \u00e7ok umutlu oldu\u011funu belirten Muallim; Suriye Arap Cumhuriyeti heyetinin Cenevre g\u00f6r\u00fc\u015fmelerine diyalogun ba\u015far\u0131s\u0131 i\u00e7in gitti\u011finin alt\u0131n\u0131 \u00e7izerken, fakat bu ba\u015far\u0131n\u0131n sadece Suriye heyetine ba\u011fl\u0131 olmad\u0131\u011f\u0131n\u0131 belirtti. Muallim Suriye&#8217;de y\u00f6netimi teslim alma hayalleriyle Cenevre&#8217;ye gideceklerin sahada bu hayallerini ger\u00e7ekle\u015ftirememeleriyle Cenevre&#8217;de ger\u00e7ekle\u015ftirmeyi ak\u0131llar\u0131na bile getirmemeleri gerekti\u011fini vurgulad\u0131.<\/p>\n<p>BM\u2019nin Suriye konulu belgelerinin hi\u00e7 birinde Suriye&#8217;de cumhurba\u015fkanl\u0131\u011f\u0131 makam\u0131nda ge\u00e7i\u015f s\u00fcrecinden s\u00f6z edilmedi\u011finin alt\u0131n\u0131 \u00e7izen Muallim, dolay\u0131s\u0131yla \u2018ge\u00e7i\u015f s\u00fcreci\u2019 kavram\u0131n\u0131n netle\u015ftirilmesi gerekti\u011fini belirtti. Muallim Suriye&#8217;nin bu s\u00fcreci, mevcut anayasadan yeni bir anayasa, mevcut h\u00fck\u00fcmetten di\u011fer taraflar\u0131n kat\u0131laca\u011f\u0131 yeni bir h\u00fck\u00fcmete intikal olma anlam\u0131nda anlad\u0131\u011f\u0131n\u0131 belirtti.<\/p>\n<p>Suriyelilerin cumhurba\u015fkanl\u0131\u011f\u0131 makam\u0131ndan s\u00f6z edecek hi\u00e7 kimseyle diyaloga ge\u00e7meyece\u011fini belirten Muallim; sadece ve sadece Suriye halk\u0131n\u0131n hakk\u0131 olan bu meselenin k\u0131rm\u0131z\u0131 \u00e7izgi oldu\u011funu ifade etti<\/p>\n<p>Muallim mevcut anayasan\u0131n, yeni anayasan\u0131n referanduma sunulmas\u0131 ve halk taraf\u0131ndan onaylanmas\u0131na dek y\u00fcr\u00fcrl\u00fckte kalaca\u011f\u0131n\u0131 belirtirken, yap\u0131lmas\u0131 beklenen parlamento se\u00e7imlerinin Cenevre\u2019deki g\u00f6r\u00fc\u015fmelerle hi\u00e7bir ilgisi olmad\u0131\u011f\u0131n\u0131 vurgulad\u0131.<\/p>\n<p>Suriye&#8217;nin Cenevre g\u00f6r\u00fc\u015fmeleri i\u00e7in kesinlikle \u00f6nko\u015ful dayatmad\u0131\u011f\u0131n\u0131n alt\u0131n\u0131 \u00e7izen Muallim; Suriye ve y\u00f6netimini bilen herkesin, ne devletlere ne de gruplara hi\u00e7bir \u015fekilde boyun e\u011fmeyece\u011fini bilece\u011fini belirtti.<\/p>\n<p>Arap Birli\u011finin L\u00fcbnanl\u0131 Hizbullah ve Irakl\u0131 Halk G\u00fc\u00e7lerine kar\u015f\u0131 karar\u0131 konusunda ise Muallim; NATO\u2019ya Libya\u2019ya askeri m\u00fcdahalede bulunma yetkisi veren bu birli\u011fin s\u00f6z konusu karar\u0131n\u0131n garipsenmedi\u011fini belirtti. Muallim Suriye&#8217;nin Arap Birli\u011fi ad\u0131 alt\u0131nda olan bir kurumu \u00e7oktan beri unuttu\u011funu, Hizbullah ve Irak Halk G\u00fc\u00e7lerini \u2018ter\u00f6r \u00f6rg\u00fctleri\u2019 olarak nitelendiren bir kurumda yer almama onuruna sahip oldu\u011funu s\u00f6yledi.<\/p>\n<p><a href=\"http:\/\/www.sana.sy\/tr\/wp-content\/uploads\/2016\/03\/5-10.jpg\"><img loading=\"lazy\" decoding=\"async\" class=\"alignright wp-image-64497 size-medium\" src=\"http:\/\/www.sana.sy\/tr\/wp-content\/uploads\/2016\/03\/5-10-300x186.jpg\" alt=\"5\" width=\"300\" height=\"186\" srcset=\"https:\/\/archive.sana.sy\/tr\/wp-content\/uploads\/2016\/03\/5-10-300x186.jpg 300w, https:\/\/archive.sana.sy\/tr\/wp-content\/uploads\/2016\/03\/5-10-150x93.jpg 150w, https:\/\/archive.sana.sy\/tr\/wp-content\/uploads\/2016\/03\/5-10-768x476.jpg 768w, https:\/\/archive.sana.sy\/tr\/wp-content\/uploads\/2016\/03\/5-10-1024x634.jpg 1024w\" sizes=\"auto, (max-width: 300px) 100vw, 300px\" \/><\/a>Ba\u015fbakan Yard\u0131mc\u0131s\u0131 D\u0131\u015fi\u015fleri ve Gurbet\u00e7iler bakan\u0131 Muallim; Suriye halk\u0131 ve \u00e7\u0131karlar\u0131 i\u00e7in \u00e7aba harcayacak birinin bu halk\u0131n g\u00fcnl\u00fck ya\u015famlar\u0131n\u0131 bile etkileyen tek tarafl\u0131 ekonomik yapt\u0131r\u0131mlar dayatmamas\u0131 gerekti\u011fini belirtti. Muallim Suriye halk\u0131 ve \u00e7\u0131karlar\u0131n\u0131 kollad\u0131klar\u0131n\u0131 iddia eden kimi taraflar\u0131n yapt\u0131r\u0131mlar uygulamalar\u0131n\u0131n yan\u0131 s\u0131ra bu halk\u0131 hedef alan ter\u00f6r\u00fc desteklediklerine dikkat \u00e7ekti.<\/p>\n<p>T\u00fcrkiye rejiminin Suriye&#8217;de insani durumlar konusundaki a\u00e7\u0131klamalar\u0131n\u0131 ele\u015ftiren Muallim; bu rejimin d\u00fcnyan\u0131n her yerinden toplay\u0131p destekledi\u011fi tekfirci ve kiral\u0131k ter\u00f6ristleri Suriye ve halk\u0131na kar\u015f\u0131 salmas\u0131n\u0131n yan\u0131 s\u0131ra insani yard\u0131m ad\u0131 alt\u0131nda bu ter\u00f6re her t\u00fcrl\u00fc askeri ve lojistik destek g\u00f6nderdi\u011fine vurgu yapt\u0131. Muallim T\u00fcrkiye rejiminin insani yard\u0131m ad\u0131 alt\u0131nda ter\u00f6re silah ve m\u00fchimmat g\u00f6nderdi\u011fi s\u0131rada, g\u0131da ve benzeri insani yard\u0131mlar\u0131n ise s\u0131n\u0131r kap\u0131lar\u0131ndan ge\u00e7i\u015fini engelledi\u011fini belirtti.<\/p>\n<p>ABD\u2019nin \u2018\u0131l\u0131ml\u0131 muhaliflere e\u011fit donat program\u0131ndan\u2019 yeniden s\u00f6z etmesi konusunda ise Muallim; ABD\u2019nin daha \u00f6nce ayn\u0131 ama\u00e7l\u0131 olarak ay\u0131rd\u0131\u011f\u0131 500 milyon dolarl\u0131k b\u00fct\u00e7enin I\u015e\u0130D ve Nusra Cephesine gitti\u011fini hat\u0131rlatt\u0131. Suriye&#8217;de \u2018\u0131l\u0131ml\u0131 muhaliflerin\u2019 bulunmad\u0131\u011f\u0131n\u0131n herkes taraf\u0131ndan bilindi\u011fine dikkat \u00e7eken Muallim; ter\u00f6r\u00fc destekleyen taraflar\u0131n olaylar\u0131n ba\u015f\u0131ndan beri ter\u00f6re desteklerini \u00f6rtbas etmek i\u00e7in farkl\u0131 s\u00fcre\u00e7lerde farkl\u0131 adland\u0131rmalar bulup kullanmalar\u0131n\u0131n al\u0131\u015fkanl\u0131k haline geldi\u011fini ifade etti. Muallim her \u015feye ra\u011fmen Suriyelilerin krizin sona do\u011fru y\u00f6nlendi\u011fi konusunda umutlu olduklar\u0131n\u0131 s\u00f6zlerine ekledi.<\/p>\n<p>Muallim Suriye&#8217;de ulusal uzla\u015fma \u00e7abalar\u0131n\u0131n h\u00fck\u00fcmetin temel \u00f6nceliklerinden oldu\u011funun alt\u0131n\u0131 \u00e7izerken, kriz alevinin hafifletilmesinin uzla\u015fma yoluyla olaca\u011f\u0131 inanc\u0131n\u0131 ifade etti. Ulusal uzla\u015fma \u00e7abalar\u0131nda Rusya&#8217;n\u0131n rol\u00fcn\u00fcn \u00f6nemine dikkat \u00e7eken Muallim, \u00f6nemli olan\u0131n da sonu\u00e7 oldu\u011funu s\u00f6yledi.<\/p>\n<p>https:\/\/www.youtube.com\/watch?v=dErSpWyCpN0<\/p>\n","protected":false},"excerpt":{"rendered":"<p>\u015eAM \u2013 Ba\u015fbakan Yard\u0131mc\u0131s\u0131 D\u0131\u015fi\u015fleri ve Gurbet\u00e7iler Bakan\u0131 Velid el Muallim Cenevre&#8217;de Suriyeliler aras\u0131nda yap\u0131lacak g\u00f6r\u00fc\u015fmeler konusunda bas\u0131n toplant\u0131s\u0131 d\u00fczenledi. Bas\u0131n toplant\u0131s\u0131nda Muallim Suriye Arap Cumhuriyeti h\u00fck\u00fcmetinin, BM genel sekreterinin Suriye \u00f6zel temsilcisi Staffan de Mistura\u2019dan Suriyeliler aras\u0131nda Cenevre&#8217;de yap\u0131lacak g\u00f6r\u00fc\u015fmeler \u00e7er\u00e7evesinde 14 Mart Pazartesi g\u00fcn\u00fc Suriye h\u00fck\u00fcmeti heyeti ile bir araya gelece\u011fine ili\u015fkin davet &hellip;<\/p>\n","protected":false},"author":1,"featured_media":64493,"comment_status":"closed","ping_status":"closed","sticky":false,"template":"","format":"standard","meta":{"footnotes":""},"categories":[479,2554,2555,478],"tags":[7612,18473,19199,18472,19806,17051],"class_list":["post-64428","post","type-post","status-publish","format-standard","has-post-thumbnail","","category-haberler-yerel","category-suriye-ve-dunya","category-suriye-ve-turkiye","category-yerel","tag-basbakan-yardimcisi","tag-cenevre-gorusmeleri","tag-disisleri-bakani","tag-staffan-de-mistura","tag-suriyeliler-arasinda-diyalog-gorusmeleri","tag-velid-muallim"],"_links":{"self":[{"href":"https:\/\/archive.sana.sy\/tr\/index.php?rest_route=\/wp\/v2\/posts\/64428","targetHints":{"allow":["GET"]}}],"collection":[{"href":"https:\/\/archive.sana.sy\/tr\/index.php?rest_route=\/wp\/v2\/posts"}],"about":[{"href":"https:\/\/archive.sana.sy\/tr\/index.php?rest_route=\/wp\/v2\/types\/post"}],"author":[{"embeddable":true,"href":"https:\/\/archive.sana.sy\/tr\/index.php?rest_route=\/wp\/v2\/users\/1"}],"replies":[{"embeddable":true,"href":"https:\/\/archive.sana.sy\/tr\/index.php?rest_route=%2Fwp%2Fv2%2Fcomments&post=64428"}],"version-history":[{"count":0,"href":"https:\/\/archive.sana.sy\/tr\/index.php?rest_route=\/wp\/v2\/posts\/64428\/revisions"}],"wp:featuredmedia":[{"embeddable":true,"href":"https:\/\/archive.sana.sy\/tr\/index.php?rest_route=\/wp\/v2\/media\/64493"}],"wp:attachment":[{"href":"https:\/\/archive.sana.sy\/tr\/index.php?rest_route=%2Fwp%2Fv2%2Fmedia&parent=64428"}],"wp:term":[{"taxonomy":"category","embeddable":true,"href":"https:\/\/archive.sana.sy\/tr\/index.php?rest_route=%2Fwp%2Fv2%2Fcategories&post=64428"},{"taxonomy":"post_tag","embeddable":true,"href":"https:\/\/archive.sana.sy\/tr\/index.php?rest_route=%2Fwp%2Fv2%2Ftags&post=64428"}],"curies":[{"name":"wp","href":"https:\/\/api.w.org\/{rel}","templated":true}]}}