{"id":64431,"date":"2016-03-12T13:55:16","date_gmt":"2016-03-12T11:55:16","guid":{"rendered":"http:\/\/www.sana.sy\/tr\/?p=64431"},"modified":"2016-03-12T13:43:36","modified_gmt":"2016-03-12T11:43:36","slug":"suriyeye-karadan-askeri-mudahale-konusunda-ise-muallim-hic-kimsenin-boyle-bir-seye-cesaret-etmesinin-mumkun-olmadiginin-altini-cizerken-bu-yondeki-aciklamalarin-gerilemesi-ve-abd-baskani-barack-o","status":"publish","type":"post","link":"https:\/\/archive.sana.sy\/tr\/?p=64431","title":{"rendered":"Suriye&#8217;ye karadan askeri m\u00fcdahale konusunda ise Muallim; hi\u00e7 kimsenin b\u00f6yle bir \u015feye cesaret etmesinin m\u00fcmk\u00fcn olmad\u0131\u011f\u0131n\u0131n alt\u0131n\u0131 \u00e7izerken, bu y\u00f6ndeki a\u00e7\u0131klamalar\u0131n gerilemesi ve ABD  ba\u015fkan\u0131 Barack Obama\u2019n\u0131n son a\u00e7\u0131klamalar\u0131n\u0131n bunu kan\u0131tlad\u0131\u011f\u0131n\u0131 belirtti"},"content":{"rendered":"<p>Suriye&#8217;ye karadan askeri m\u00fcdahale konusunda ise Muallim; hi\u00e7 kimsenin b\u00f6yle bir \u015feye cesaret etmesinin m\u00fcmk\u00fcn olmad\u0131\u011f\u0131n\u0131n alt\u0131n\u0131 \u00e7izerken, bu y\u00f6ndeki a\u00e7\u0131klamalar\u0131n gerilemesi ve ABD \u00a0ba\u015fkan\u0131 Barack Obama\u2019n\u0131n son a\u00e7\u0131klamalar\u0131n\u0131n bunu kan\u0131tlad\u0131\u011f\u0131n\u0131 belirtti<\/p>\n","protected":false},"excerpt":{"rendered":"<p>Suriye&#8217;ye karadan askeri m\u00fcdahale konusunda ise Muallim; hi\u00e7 kimsenin b\u00f6yle bir \u015feye cesaret etmesinin m\u00fcmk\u00fcn olmad\u0131\u011f\u0131n\u0131n alt\u0131n\u0131 \u00e7izerken, bu y\u00f6ndeki a\u00e7\u0131klamalar\u0131n gerilemesi ve ABD \u00a0ba\u015fkan\u0131 Barack Obama\u2019n\u0131n son a\u00e7\u0131klamalar\u0131n\u0131n bunu kan\u0131tlad\u0131\u011f\u0131n\u0131 belirtti<\/p>\n","protected":false},"author":1,"featured_media":0,"comment_status":"closed","ping_status":"closed","sticky":false,"template":"","format":"standard","meta":{"footnotes":""},"categories":[17991],"tags":[],"class_list":["post-64431","post","type-post","status-publish","format-standard","","category-son-dakika"],"_links":{"self":[{"href":"https:\/\/archive.sana.sy\/tr\/index.php?rest_route=\/wp\/v2\/posts\/64431","targetHints":{"allow":["GET"]}}],"collection":[{"href":"https:\/\/archive.sana.sy\/tr\/index.php?rest_route=\/wp\/v2\/posts"}],"about":[{"href":"https:\/\/archive.sana.sy\/tr\/index.php?rest_route=\/wp\/v2\/types\/post"}],"author":[{"embeddable":true,"href":"https:\/\/archive.sana.sy\/tr\/index.php?rest_route=\/wp\/v2\/users\/1"}],"replies":[{"embeddable":true,"href":"https:\/\/archive.sana.sy\/tr\/index.php?rest_route=%2Fwp%2Fv2%2Fcomments&post=64431"}],"version-history":[{"count":0,"href":"https:\/\/archive.sana.sy\/tr\/index.php?rest_route=\/wp\/v2\/posts\/64431\/revisions"}],"wp:attachment":[{"href":"https:\/\/archive.sana.sy\/tr\/index.php?rest_route=%2Fwp%2Fv2%2Fmedia&parent=64431"}],"wp:term":[{"taxonomy":"category","embeddable":true,"href":"https:\/\/archive.sana.sy\/tr\/index.php?rest_route=%2Fwp%2Fv2%2Fcategories&post=64431"},{"taxonomy":"post_tag","embeddable":true,"href":"https:\/\/archive.sana.sy\/tr\/index.php?rest_route=%2Fwp%2Fv2%2Ftags&post=64431"}],"curies":[{"name":"wp","href":"https:\/\/api.w.org\/{rel}","templated":true}]}}