{"id":64440,"date":"2016-03-12T14:04:58","date_gmt":"2016-03-12T12:04:58","guid":{"rendered":"http:\/\/www.sana.sy\/tr\/?p=64440"},"modified":"2016-03-12T13:50:20","modified_gmt":"2016-03-12T11:50:20","slug":"rusya-disisleri-bakani-yardimcisi-sergey-ryabkovun-suriyenin-bolunmesi-konusunda-yaptigi-aciklamalarinin-saptirildigina-dikkat-ceken-muallim-ryabkovun-federal-yonetimlerde-suriyel","status":"publish","type":"post","link":"https:\/\/archive.sana.sy\/tr\/?p=64440","title":{"rendered":"Rusya D\u0131\u015fi\u015fleri Bakan\u0131 Yard\u0131mc\u0131s\u0131 Sergey Ryabkov\u2019un Suriye&#8217;nin b\u00f6l\u00fcnmesi konusunda yapt\u0131\u011f\u0131 a\u00e7\u0131klamalar\u0131n\u0131n sapt\u0131r\u0131ld\u0131\u011f\u0131na dikkat \u00e7eken Muallim; Ryabkov\u2019un federal y\u00f6netimlerde Suriyelilerin onay\u0131n\u0131 \u015fart koydu\u011funa vurgu yapt\u0131"},"content":{"rendered":"<p>Rusya D\u0131\u015fi\u015fleri Bakan\u0131 Yard\u0131mc\u0131s\u0131 Sergey Ryabkov\u2019un Suriye&#8217;nin b\u00f6l\u00fcnmesi konusunda yapt\u0131\u011f\u0131 a\u00e7\u0131klamalar\u0131n\u0131n sapt\u0131r\u0131ld\u0131\u011f\u0131na dikkat \u00e7eken Muallim; Ryabkov\u2019un federal y\u00f6netimlerde Suriyelilerin onay\u0131n\u0131 \u015fart koydu\u011funa vurgu yapt\u0131<\/p>\n","protected":false},"excerpt":{"rendered":"<p>Rusya D\u0131\u015fi\u015fleri Bakan\u0131 Yard\u0131mc\u0131s\u0131 Sergey Ryabkov\u2019un Suriye&#8217;nin b\u00f6l\u00fcnmesi konusunda yapt\u0131\u011f\u0131 a\u00e7\u0131klamalar\u0131n\u0131n sapt\u0131r\u0131ld\u0131\u011f\u0131na dikkat \u00e7eken Muallim; Ryabkov\u2019un federal y\u00f6netimlerde Suriyelilerin onay\u0131n\u0131 \u015fart koydu\u011funa vurgu yapt\u0131<\/p>\n","protected":false},"author":1,"featured_media":0,"comment_status":"closed","ping_status":"closed","sticky":false,"template":"","format":"standard","meta":{"footnotes":""},"categories":[17991],"tags":[],"class_list":["post-64440","post","type-post","status-publish","format-standard","","category-son-dakika"],"_links":{"self":[{"href":"https:\/\/archive.sana.sy\/tr\/index.php?rest_route=\/wp\/v2\/posts\/64440","targetHints":{"allow":["GET"]}}],"collection":[{"href":"https:\/\/archive.sana.sy\/tr\/index.php?rest_route=\/wp\/v2\/posts"}],"about":[{"href":"https:\/\/archive.sana.sy\/tr\/index.php?rest_route=\/wp\/v2\/types\/post"}],"author":[{"embeddable":true,"href":"https:\/\/archive.sana.sy\/tr\/index.php?rest_route=\/wp\/v2\/users\/1"}],"replies":[{"embeddable":true,"href":"https:\/\/archive.sana.sy\/tr\/index.php?rest_route=%2Fwp%2Fv2%2Fcomments&post=64440"}],"version-history":[{"count":0,"href":"https:\/\/archive.sana.sy\/tr\/index.php?rest_route=\/wp\/v2\/posts\/64440\/revisions"}],"wp:attachment":[{"href":"https:\/\/archive.sana.sy\/tr\/index.php?rest_route=%2Fwp%2Fv2%2Fmedia&parent=64440"}],"wp:term":[{"taxonomy":"category","embeddable":true,"href":"https:\/\/archive.sana.sy\/tr\/index.php?rest_route=%2Fwp%2Fv2%2Fcategories&post=64440"},{"taxonomy":"post_tag","embeddable":true,"href":"https:\/\/archive.sana.sy\/tr\/index.php?rest_route=%2Fwp%2Fv2%2Ftags&post=64440"}],"curies":[{"name":"wp","href":"https:\/\/api.w.org\/{rel}","templated":true}]}}