{"id":64443,"date":"2016-03-12T14:12:36","date_gmt":"2016-03-12T12:12:36","guid":{"rendered":"http:\/\/www.sana.sy\/tr\/?p=64443"},"modified":"2016-03-12T13:55:16","modified_gmt":"2016-03-12T11:55:16","slug":"suriyeli-kurtlerin-suriye-halkinin-vazgecilmez-bir-bileseni-oldugunu-vurgulayan-muallim-kardes-kurtlerin-terore-karsi-savasta-suriye-halkinin-diger-kesimleriyle-ayni-hendekte-olduklarini-ifade-etti","status":"publish","type":"post","link":"https:\/\/archive.sana.sy\/tr\/?p=64443","title":{"rendered":"Suriyeli K\u00fcrtlerin Suriye halk\u0131n\u0131n vazge\u00e7ilmez bir bile\u015feni oldu\u011funu vurgulayan Muallim; karde\u015f K\u00fcrtlerin ter\u00f6re kar\u015f\u0131 sava\u015fta Suriye halk\u0131n\u0131n di\u011fer kesimleriyle ayn\u0131 hendekte olduklar\u0131n\u0131 ifade etti"},"content":{"rendered":"<p>Suriyeli K\u00fcrtlerin Suriye halk\u0131n\u0131n vazge\u00e7ilmez bir bile\u015feni oldu\u011funu vurgulayan Muallim; karde\u015f K\u00fcrtlerin ter\u00f6re kar\u015f\u0131 sava\u015fta Suriye halk\u0131n\u0131n di\u011fer kesimleriyle ayn\u0131 hendekte olduklar\u0131n\u0131 ifade etti<\/p>\n","protected":false},"excerpt":{"rendered":"<p>Suriyeli K\u00fcrtlerin Suriye halk\u0131n\u0131n vazge\u00e7ilmez bir bile\u015feni oldu\u011funu vurgulayan Muallim; karde\u015f K\u00fcrtlerin ter\u00f6re kar\u015f\u0131 sava\u015fta Suriye halk\u0131n\u0131n di\u011fer kesimleriyle ayn\u0131 hendekte olduklar\u0131n\u0131 ifade etti<\/p>\n","protected":false},"author":1,"featured_media":0,"comment_status":"closed","ping_status":"closed","sticky":false,"template":"","format":"standard","meta":{"footnotes":""},"categories":[17991],"tags":[],"class_list":["post-64443","post","type-post","status-publish","format-standard","","category-son-dakika"],"_links":{"self":[{"href":"https:\/\/archive.sana.sy\/tr\/index.php?rest_route=\/wp\/v2\/posts\/64443","targetHints":{"allow":["GET"]}}],"collection":[{"href":"https:\/\/archive.sana.sy\/tr\/index.php?rest_route=\/wp\/v2\/posts"}],"about":[{"href":"https:\/\/archive.sana.sy\/tr\/index.php?rest_route=\/wp\/v2\/types\/post"}],"author":[{"embeddable":true,"href":"https:\/\/archive.sana.sy\/tr\/index.php?rest_route=\/wp\/v2\/users\/1"}],"replies":[{"embeddable":true,"href":"https:\/\/archive.sana.sy\/tr\/index.php?rest_route=%2Fwp%2Fv2%2Fcomments&post=64443"}],"version-history":[{"count":0,"href":"https:\/\/archive.sana.sy\/tr\/index.php?rest_route=\/wp\/v2\/posts\/64443\/revisions"}],"wp:attachment":[{"href":"https:\/\/archive.sana.sy\/tr\/index.php?rest_route=%2Fwp%2Fv2%2Fmedia&parent=64443"}],"wp:term":[{"taxonomy":"category","embeddable":true,"href":"https:\/\/archive.sana.sy\/tr\/index.php?rest_route=%2Fwp%2Fv2%2Fcategories&post=64443"},{"taxonomy":"post_tag","embeddable":true,"href":"https:\/\/archive.sana.sy\/tr\/index.php?rest_route=%2Fwp%2Fv2%2Ftags&post=64443"}],"curies":[{"name":"wp","href":"https:\/\/api.w.org\/{rel}","templated":true}]}}