{"id":64445,"date":"2016-03-12T14:16:03","date_gmt":"2016-03-12T12:16:03","guid":{"rendered":"http:\/\/www.sana.sy\/tr\/?p=64445"},"modified":"2016-03-12T13:58:15","modified_gmt":"2016-03-12T11:58:15","slug":"muallim-suudi-arabistan-rejiminin-disisleri-bakani-adil-el-cubeyrin-aciklamalari-konusunda-ise-bu-aciklamalarin-cubeyr-tarafindan-surekli-olarak-tekrarlanan-degersiz-aciklamalar-oldugunu-su","status":"publish","type":"post","link":"https:\/\/archive.sana.sy\/tr\/?p=64445","title":{"rendered":"Muallim Suudi Arabistan rejiminin d\u0131\u015fi\u015fleri Bakan\u0131 Adil el Cubeyr\u2019in a\u00e7\u0131klamalar\u0131 konusunda ise; bu a\u00e7\u0131klamalar\u0131n C\u00fcbeyr taraf\u0131ndan s\u00fcrekli olarak tekrarlanan de\u011fersiz a\u00e7\u0131klamalar oldu\u011funu, Suudi rejiminin bu gibi a\u00e7\u0131klamalarda bulunmas\u0131ndan \u00f6nce kendi aynada g\u00f6rmesi gerekti\u011fini belirtti"},"content":{"rendered":"<p>Muallim Suudi Arabistan rejiminin d\u0131\u015fi\u015fleri Bakan\u0131 Adil el Cubeyr\u2019in a\u00e7\u0131klamalar\u0131 konusunda ise; bu a\u00e7\u0131klamalar\u0131n C\u00fcbeyr taraf\u0131ndan s\u00fcrekli olarak tekrarlanan de\u011fersiz a\u00e7\u0131klamalar oldu\u011funu, Suudi rejiminin bu gibi a\u00e7\u0131klamalarda bulunmas\u0131ndan \u00f6nce kendi aynada g\u00f6rmesi gerekti\u011fini belirtti<\/p>\n","protected":false},"excerpt":{"rendered":"<p>Muallim Suudi Arabistan rejiminin d\u0131\u015fi\u015fleri Bakan\u0131 Adil el Cubeyr\u2019in a\u00e7\u0131klamalar\u0131 konusunda ise; bu a\u00e7\u0131klamalar\u0131n C\u00fcbeyr taraf\u0131ndan s\u00fcrekli olarak tekrarlanan de\u011fersiz a\u00e7\u0131klamalar oldu\u011funu, Suudi rejiminin bu gibi a\u00e7\u0131klamalarda bulunmas\u0131ndan \u00f6nce kendi aynada g\u00f6rmesi gerekti\u011fini belirtti<\/p>\n","protected":false},"author":1,"featured_media":0,"comment_status":"closed","ping_status":"closed","sticky":false,"template":"","format":"standard","meta":{"footnotes":""},"categories":[17991],"tags":[],"class_list":["post-64445","post","type-post","status-publish","format-standard","","category-son-dakika"],"_links":{"self":[{"href":"https:\/\/archive.sana.sy\/tr\/index.php?rest_route=\/wp\/v2\/posts\/64445","targetHints":{"allow":["GET"]}}],"collection":[{"href":"https:\/\/archive.sana.sy\/tr\/index.php?rest_route=\/wp\/v2\/posts"}],"about":[{"href":"https:\/\/archive.sana.sy\/tr\/index.php?rest_route=\/wp\/v2\/types\/post"}],"author":[{"embeddable":true,"href":"https:\/\/archive.sana.sy\/tr\/index.php?rest_route=\/wp\/v2\/users\/1"}],"replies":[{"embeddable":true,"href":"https:\/\/archive.sana.sy\/tr\/index.php?rest_route=%2Fwp%2Fv2%2Fcomments&post=64445"}],"version-history":[{"count":0,"href":"https:\/\/archive.sana.sy\/tr\/index.php?rest_route=\/wp\/v2\/posts\/64445\/revisions"}],"wp:attachment":[{"href":"https:\/\/archive.sana.sy\/tr\/index.php?rest_route=%2Fwp%2Fv2%2Fmedia&parent=64445"}],"wp:term":[{"taxonomy":"category","embeddable":true,"href":"https:\/\/archive.sana.sy\/tr\/index.php?rest_route=%2Fwp%2Fv2%2Fcategories&post=64445"},{"taxonomy":"post_tag","embeddable":true,"href":"https:\/\/archive.sana.sy\/tr\/index.php?rest_route=%2Fwp%2Fv2%2Ftags&post=64445"}],"curies":[{"name":"wp","href":"https:\/\/api.w.org\/{rel}","templated":true}]}}