{"id":64447,"date":"2016-03-12T14:20:59","date_gmt":"2016-03-12T12:20:59","guid":{"rendered":"http:\/\/www.sana.sy\/tr\/?p=64447"},"modified":"2016-03-12T14:03:55","modified_gmt":"2016-03-12T12:03:55","slug":"suriye-halkinin-her-zamandan-daha-cok-umutlu-oldugunu-belirten-muallim-suriye-arap-cumhuriyeti-heyetinin-cenevre-gorusmelerine-diyalogun-basarisi-icin-gittiginin-altini-cizerken-bakat-bu-basarinin-s","status":"publish","type":"post","link":"https:\/\/archive.sana.sy\/tr\/?p=64447","title":{"rendered":"Suriye halk\u0131n\u0131n her zamandan daha \u00e7ok umutlu oldu\u011funu belirten Muallim; Suriye Arap Cumhuriyeti heyetinin Cenevre g\u00f6r\u00fc\u015fmelerine diyalogun ba\u015far\u0131s\u0131 i\u00e7in gitti\u011finin alt\u0131n\u0131 \u00e7izerken, bakat bu ba\u015far\u0131n\u0131n sadece Suriye heyetine ba\u011fl\u0131 olmad\u0131\u011f\u0131n\u0131 belirtti"},"content":{"rendered":"<p>Suriye halk\u0131n\u0131n her zamandan daha \u00e7ok umutlu oldu\u011funu belirten Muallim; Suriye Arap Cumhuriyeti heyetinin Cenevre g\u00f6r\u00fc\u015fmelerine diyalogun ba\u015far\u0131s\u0131 i\u00e7in gitti\u011finin alt\u0131n\u0131 \u00e7izerken, bakat bu ba\u015far\u0131n\u0131n sadece Suriye heyetine ba\u011fl\u0131 olmad\u0131\u011f\u0131n\u0131 belirtti<\/p>\n","protected":false},"excerpt":{"rendered":"<p>Suriye halk\u0131n\u0131n her zamandan daha \u00e7ok umutlu oldu\u011funu belirten Muallim; Suriye Arap Cumhuriyeti heyetinin Cenevre g\u00f6r\u00fc\u015fmelerine diyalogun ba\u015far\u0131s\u0131 i\u00e7in gitti\u011finin alt\u0131n\u0131 \u00e7izerken, bakat bu ba\u015far\u0131n\u0131n sadece Suriye heyetine ba\u011fl\u0131 olmad\u0131\u011f\u0131n\u0131 belirtti<\/p>\n","protected":false},"author":1,"featured_media":0,"comment_status":"closed","ping_status":"closed","sticky":false,"template":"","format":"standard","meta":{"footnotes":""},"categories":[17991],"tags":[],"class_list":["post-64447","post","type-post","status-publish","format-standard","","category-son-dakika"],"_links":{"self":[{"href":"https:\/\/archive.sana.sy\/tr\/index.php?rest_route=\/wp\/v2\/posts\/64447","targetHints":{"allow":["GET"]}}],"collection":[{"href":"https:\/\/archive.sana.sy\/tr\/index.php?rest_route=\/wp\/v2\/posts"}],"about":[{"href":"https:\/\/archive.sana.sy\/tr\/index.php?rest_route=\/wp\/v2\/types\/post"}],"author":[{"embeddable":true,"href":"https:\/\/archive.sana.sy\/tr\/index.php?rest_route=\/wp\/v2\/users\/1"}],"replies":[{"embeddable":true,"href":"https:\/\/archive.sana.sy\/tr\/index.php?rest_route=%2Fwp%2Fv2%2Fcomments&post=64447"}],"version-history":[{"count":0,"href":"https:\/\/archive.sana.sy\/tr\/index.php?rest_route=\/wp\/v2\/posts\/64447\/revisions"}],"wp:attachment":[{"href":"https:\/\/archive.sana.sy\/tr\/index.php?rest_route=%2Fwp%2Fv2%2Fmedia&parent=64447"}],"wp:term":[{"taxonomy":"category","embeddable":true,"href":"https:\/\/archive.sana.sy\/tr\/index.php?rest_route=%2Fwp%2Fv2%2Fcategories&post=64447"},{"taxonomy":"post_tag","embeddable":true,"href":"https:\/\/archive.sana.sy\/tr\/index.php?rest_route=%2Fwp%2Fv2%2Ftags&post=64447"}],"curies":[{"name":"wp","href":"https:\/\/api.w.org\/{rel}","templated":true}]}}