{"id":64467,"date":"2016-03-12T14:53:33","date_gmt":"2016-03-12T12:53:33","guid":{"rendered":"http:\/\/www.sana.sy\/tr\/?p=64467"},"modified":"2016-03-12T14:36:22","modified_gmt":"2016-03-12T12:36:22","slug":"suriyelilerin-cumhurbaskanligi-makamindan-soz-edecek-hic-kimseyle-diyaloga-gecmeyecegini-belirten-muallim-sadece-ve-sadece-suriye-halkinin-hakki-olan-bu-meselenin-kirmizi-cizgi-oldugunu-ifade-etti","status":"publish","type":"post","link":"https:\/\/archive.sana.sy\/tr\/?p=64467","title":{"rendered":"Suriyelilerin cumhurba\u015fkanl\u0131\u011f\u0131 makam\u0131ndan s\u00f6z edecek hi\u00e7 kimseyle diyaloga ge\u00e7meyece\u011fini belirten Muallim; sadece ve sadece Suriye halk\u0131n\u0131n hakk\u0131 olan bu meselenin k\u0131rm\u0131z\u0131 \u00e7izgi oldu\u011funu ifade etti"},"content":{"rendered":"<p>Suriyelilerin cumhurba\u015fkanl\u0131\u011f\u0131 makam\u0131ndan s\u00f6z edecek hi\u00e7 kimseyle diyaloga ge\u00e7meyece\u011fini belirten Muallim; sadece ve sadece Suriye halk\u0131n\u0131n hakk\u0131 olan bu meselenin k\u0131rm\u0131z\u0131 \u00e7izgi oldu\u011funu ifade etti<\/p>\n","protected":false},"excerpt":{"rendered":"<p>Suriyelilerin cumhurba\u015fkanl\u0131\u011f\u0131 makam\u0131ndan s\u00f6z edecek hi\u00e7 kimseyle diyaloga ge\u00e7meyece\u011fini belirten Muallim; sadece ve sadece Suriye halk\u0131n\u0131n hakk\u0131 olan bu meselenin k\u0131rm\u0131z\u0131 \u00e7izgi oldu\u011funu ifade etti<\/p>\n","protected":false},"author":1,"featured_media":0,"comment_status":"closed","ping_status":"closed","sticky":false,"template":"","format":"standard","meta":{"footnotes":""},"categories":[17991],"tags":[],"class_list":["post-64467","post","type-post","status-publish","format-standard","","category-son-dakika"],"_links":{"self":[{"href":"https:\/\/archive.sana.sy\/tr\/index.php?rest_route=\/wp\/v2\/posts\/64467","targetHints":{"allow":["GET"]}}],"collection":[{"href":"https:\/\/archive.sana.sy\/tr\/index.php?rest_route=\/wp\/v2\/posts"}],"about":[{"href":"https:\/\/archive.sana.sy\/tr\/index.php?rest_route=\/wp\/v2\/types\/post"}],"author":[{"embeddable":true,"href":"https:\/\/archive.sana.sy\/tr\/index.php?rest_route=\/wp\/v2\/users\/1"}],"replies":[{"embeddable":true,"href":"https:\/\/archive.sana.sy\/tr\/index.php?rest_route=%2Fwp%2Fv2%2Fcomments&post=64467"}],"version-history":[{"count":0,"href":"https:\/\/archive.sana.sy\/tr\/index.php?rest_route=\/wp\/v2\/posts\/64467\/revisions"}],"wp:attachment":[{"href":"https:\/\/archive.sana.sy\/tr\/index.php?rest_route=%2Fwp%2Fv2%2Fmedia&parent=64467"}],"wp:term":[{"taxonomy":"category","embeddable":true,"href":"https:\/\/archive.sana.sy\/tr\/index.php?rest_route=%2Fwp%2Fv2%2Fcategories&post=64467"},{"taxonomy":"post_tag","embeddable":true,"href":"https:\/\/archive.sana.sy\/tr\/index.php?rest_route=%2Fwp%2Fv2%2Ftags&post=64467"}],"curies":[{"name":"wp","href":"https:\/\/api.w.org\/{rel}","templated":true}]}}