{"id":64473,"date":"2016-03-12T15:01:32","date_gmt":"2016-03-12T13:01:32","guid":{"rendered":"http:\/\/www.sana.sy\/tr\/?p=64473"},"modified":"2016-03-12T14:43:11","modified_gmt":"2016-03-12T12:43:11","slug":"muallim-suriye-halki-ve-cikarlarini-kolladiklarini-iddia-eden-kimi-taraflarin-yaptirimlar-uygulamalarinin-yani-sira-bu-halki-hedef-alan-teroru-desteklediklerine-dikkat-cekti","status":"publish","type":"post","link":"https:\/\/archive.sana.sy\/tr\/?p=64473","title":{"rendered":"Muallim Suriye halk\u0131 ve \u00e7\u0131karlar\u0131n\u0131 kollad\u0131klar\u0131n\u0131 iddia eden kimi taraflar\u0131n yapt\u0131r\u0131mlar uygulamalar\u0131n\u0131n yan\u0131 s\u0131ra bu halk\u0131 hedef alan ter\u00f6r\u00fc desteklediklerine dikkat \u00e7ekti"},"content":{"rendered":"<p>Muallim Suriye halk\u0131 ve \u00e7\u0131karlar\u0131n\u0131 kollad\u0131klar\u0131n\u0131 iddia eden kimi taraflar\u0131n yapt\u0131r\u0131mlar uygulamalar\u0131n\u0131n yan\u0131 s\u0131ra bu halk\u0131 hedef alan ter\u00f6r\u00fc desteklediklerine dikkat \u00e7ekti<\/p>\n","protected":false},"excerpt":{"rendered":"<p>Muallim Suriye halk\u0131 ve \u00e7\u0131karlar\u0131n\u0131 kollad\u0131klar\u0131n\u0131 iddia eden kimi taraflar\u0131n yapt\u0131r\u0131mlar uygulamalar\u0131n\u0131n yan\u0131 s\u0131ra bu halk\u0131 hedef alan ter\u00f6r\u00fc desteklediklerine dikkat \u00e7ekti<\/p>\n","protected":false},"author":1,"featured_media":0,"comment_status":"closed","ping_status":"closed","sticky":false,"template":"","format":"standard","meta":{"footnotes":""},"categories":[17991],"tags":[],"class_list":["post-64473","post","type-post","status-publish","format-standard","","category-son-dakika"],"_links":{"self":[{"href":"https:\/\/archive.sana.sy\/tr\/index.php?rest_route=\/wp\/v2\/posts\/64473","targetHints":{"allow":["GET"]}}],"collection":[{"href":"https:\/\/archive.sana.sy\/tr\/index.php?rest_route=\/wp\/v2\/posts"}],"about":[{"href":"https:\/\/archive.sana.sy\/tr\/index.php?rest_route=\/wp\/v2\/types\/post"}],"author":[{"embeddable":true,"href":"https:\/\/archive.sana.sy\/tr\/index.php?rest_route=\/wp\/v2\/users\/1"}],"replies":[{"embeddable":true,"href":"https:\/\/archive.sana.sy\/tr\/index.php?rest_route=%2Fwp%2Fv2%2Fcomments&post=64473"}],"version-history":[{"count":0,"href":"https:\/\/archive.sana.sy\/tr\/index.php?rest_route=\/wp\/v2\/posts\/64473\/revisions"}],"wp:attachment":[{"href":"https:\/\/archive.sana.sy\/tr\/index.php?rest_route=%2Fwp%2Fv2%2Fmedia&parent=64473"}],"wp:term":[{"taxonomy":"category","embeddable":true,"href":"https:\/\/archive.sana.sy\/tr\/index.php?rest_route=%2Fwp%2Fv2%2Fcategories&post=64473"},{"taxonomy":"post_tag","embeddable":true,"href":"https:\/\/archive.sana.sy\/tr\/index.php?rest_route=%2Fwp%2Fv2%2Ftags&post=64473"}],"curies":[{"name":"wp","href":"https:\/\/api.w.org\/{rel}","templated":true}]}}