{"id":64475,"date":"2016-03-12T15:05:56","date_gmt":"2016-03-12T13:05:56","guid":{"rendered":"http:\/\/www.sana.sy\/tr\/?p=64475"},"modified":"2016-03-12T14:44:08","modified_gmt":"2016-03-12T12:44:08","slug":"turkiye-rejiminin-suriyede-insani-durumlar-konusundaki-aciklamalarini-elestiren-muallim-bu-rejimin-dunyanin-her-yerinden-toplayip-destekledigi-tekfirci-ve-kiralik-teroristleri-suriye-ve-halkina-kar","status":"publish","type":"post","link":"https:\/\/archive.sana.sy\/tr\/?p=64475","title":{"rendered":"T\u00fcrkiye rejiminin Suriye&#8217;de insani durumlar konusundaki a\u00e7\u0131klamalar\u0131n\u0131 ele\u015ftiren Muallim; bu rejimin d\u00fcnyan\u0131n her yerinden toplay\u0131p destekledi\u011fi tekfirci ve kiral\u0131k ter\u00f6ristleri Suriye ve halk\u0131na kar\u015f\u0131 salmas\u0131n\u0131n yan\u0131 s\u0131ra insani yard\u0131m ad\u0131 alt\u0131nda bu ter\u00f6re her t\u00fcrl\u00fc askeri ve lojistik destek g\u00f6nderdi\u011fine vurgu yapt\u0131"},"content":{"rendered":"<p>T\u00fcrkiye rejiminin Suriye&#8217;de insani durumlar konusundaki a\u00e7\u0131klamalar\u0131n\u0131 ele\u015ftiren Muallim; bu rejimin d\u00fcnyan\u0131n her yerinden toplay\u0131p destekledi\u011fi tekfirci ve kiral\u0131k ter\u00f6ristleri Suriye ve halk\u0131na kar\u015f\u0131 salmas\u0131n\u0131n yan\u0131 s\u0131ra insani yard\u0131m ad\u0131 alt\u0131nda bu ter\u00f6re her t\u00fcrl\u00fc askeri ve lojistik destek g\u00f6nderdi\u011fine vurgu yapt\u0131<\/p>\n","protected":false},"excerpt":{"rendered":"<p>T\u00fcrkiye rejiminin Suriye&#8217;de insani durumlar konusundaki a\u00e7\u0131klamalar\u0131n\u0131 ele\u015ftiren Muallim; bu rejimin d\u00fcnyan\u0131n her yerinden toplay\u0131p destekledi\u011fi tekfirci ve kiral\u0131k ter\u00f6ristleri Suriye ve halk\u0131na kar\u015f\u0131 salmas\u0131n\u0131n yan\u0131 s\u0131ra insani yard\u0131m ad\u0131 alt\u0131nda bu ter\u00f6re her t\u00fcrl\u00fc askeri ve lojistik destek g\u00f6nderdi\u011fine vurgu yapt\u0131<\/p>\n","protected":false},"author":1,"featured_media":0,"comment_status":"closed","ping_status":"closed","sticky":false,"template":"","format":"standard","meta":{"footnotes":""},"categories":[17991],"tags":[],"class_list":["post-64475","post","type-post","status-publish","format-standard","","category-son-dakika"],"_links":{"self":[{"href":"https:\/\/archive.sana.sy\/tr\/index.php?rest_route=\/wp\/v2\/posts\/64475","targetHints":{"allow":["GET"]}}],"collection":[{"href":"https:\/\/archive.sana.sy\/tr\/index.php?rest_route=\/wp\/v2\/posts"}],"about":[{"href":"https:\/\/archive.sana.sy\/tr\/index.php?rest_route=\/wp\/v2\/types\/post"}],"author":[{"embeddable":true,"href":"https:\/\/archive.sana.sy\/tr\/index.php?rest_route=\/wp\/v2\/users\/1"}],"replies":[{"embeddable":true,"href":"https:\/\/archive.sana.sy\/tr\/index.php?rest_route=%2Fwp%2Fv2%2Fcomments&post=64475"}],"version-history":[{"count":0,"href":"https:\/\/archive.sana.sy\/tr\/index.php?rest_route=\/wp\/v2\/posts\/64475\/revisions"}],"wp:attachment":[{"href":"https:\/\/archive.sana.sy\/tr\/index.php?rest_route=%2Fwp%2Fv2%2Fmedia&parent=64475"}],"wp:term":[{"taxonomy":"category","embeddable":true,"href":"https:\/\/archive.sana.sy\/tr\/index.php?rest_route=%2Fwp%2Fv2%2Fcategories&post=64475"},{"taxonomy":"post_tag","embeddable":true,"href":"https:\/\/archive.sana.sy\/tr\/index.php?rest_route=%2Fwp%2Fv2%2Ftags&post=64475"}],"curies":[{"name":"wp","href":"https:\/\/api.w.org\/{rel}","templated":true}]}}