{"id":64477,"date":"2016-03-12T15:09:44","date_gmt":"2016-03-12T13:09:44","guid":{"rendered":"http:\/\/www.sana.sy\/tr\/?p=64477"},"modified":"2016-03-12T14:44:24","modified_gmt":"2016-03-12T12:44:24","slug":"muallim-turkiye-rejiminin-insani-yardim-adi-altinda-terore-silah-ve-muhimmat-gonderdigi-sirada-gida-ve-benzeri-insani-yardimlarin-ise-sinir-kapilarindan-gecisini-engelledigini-belirtti","status":"publish","type":"post","link":"https:\/\/archive.sana.sy\/tr\/?p=64477","title":{"rendered":"Muallim T\u00fcrkiye rejiminin insani yard\u0131m ad\u0131 alt\u0131nda ter\u00f6re silah ve m\u00fchimmat g\u00f6nderdi\u011fi s\u0131rada, g\u0131da ve benzeri insani yard\u0131mlar\u0131n ise s\u0131n\u0131r kap\u0131lar\u0131ndan ge\u00e7i\u015fini engelledi\u011fini belirtti"},"content":{"rendered":"<p>Muallim T\u00fcrkiye rejiminin insani yard\u0131m ad\u0131 alt\u0131nda ter\u00f6re silah ve m\u00fchimmat g\u00f6nderdi\u011fi s\u0131rada, g\u0131da ve benzeri insani yard\u0131mlar\u0131n ise s\u0131n\u0131r kap\u0131lar\u0131ndan ge\u00e7i\u015fini engelledi\u011fini belirtti<\/p>\n","protected":false},"excerpt":{"rendered":"<p>Muallim T\u00fcrkiye rejiminin insani yard\u0131m ad\u0131 alt\u0131nda ter\u00f6re silah ve m\u00fchimmat g\u00f6nderdi\u011fi s\u0131rada, g\u0131da ve benzeri insani yard\u0131mlar\u0131n ise s\u0131n\u0131r kap\u0131lar\u0131ndan ge\u00e7i\u015fini engelledi\u011fini belirtti<\/p>\n","protected":false},"author":1,"featured_media":0,"comment_status":"closed","ping_status":"closed","sticky":false,"template":"","format":"standard","meta":{"footnotes":""},"categories":[17991],"tags":[],"class_list":["post-64477","post","type-post","status-publish","format-standard","","category-son-dakika"],"_links":{"self":[{"href":"https:\/\/archive.sana.sy\/tr\/index.php?rest_route=\/wp\/v2\/posts\/64477","targetHints":{"allow":["GET"]}}],"collection":[{"href":"https:\/\/archive.sana.sy\/tr\/index.php?rest_route=\/wp\/v2\/posts"}],"about":[{"href":"https:\/\/archive.sana.sy\/tr\/index.php?rest_route=\/wp\/v2\/types\/post"}],"author":[{"embeddable":true,"href":"https:\/\/archive.sana.sy\/tr\/index.php?rest_route=\/wp\/v2\/users\/1"}],"replies":[{"embeddable":true,"href":"https:\/\/archive.sana.sy\/tr\/index.php?rest_route=%2Fwp%2Fv2%2Fcomments&post=64477"}],"version-history":[{"count":0,"href":"https:\/\/archive.sana.sy\/tr\/index.php?rest_route=\/wp\/v2\/posts\/64477\/revisions"}],"wp:attachment":[{"href":"https:\/\/archive.sana.sy\/tr\/index.php?rest_route=%2Fwp%2Fv2%2Fmedia&parent=64477"}],"wp:term":[{"taxonomy":"category","embeddable":true,"href":"https:\/\/archive.sana.sy\/tr\/index.php?rest_route=%2Fwp%2Fv2%2Fcategories&post=64477"},{"taxonomy":"post_tag","embeddable":true,"href":"https:\/\/archive.sana.sy\/tr\/index.php?rest_route=%2Fwp%2Fv2%2Ftags&post=64477"}],"curies":[{"name":"wp","href":"https:\/\/api.w.org\/{rel}","templated":true}]}}