{"id":64500,"date":"2016-03-12T15:13:33","date_gmt":"2016-03-12T13:13:33","guid":{"rendered":"http:\/\/www.sana.sy\/tr\/?p=64500"},"modified":"2016-03-13T19:46:02","modified_gmt":"2016-03-13T17:46:02","slug":"mesele-tamamen-suriyelilere-baglidir","status":"publish","type":"post","link":"https:\/\/archive.sana.sy\/tr\/?p=64500","title":{"rendered":"Mesele Tamamen Suriyelilere Ba\u011fl\u0131d\u0131r"},"content":{"rendered":"<p>MOSKOVA \u2013 Rusya D\u0131\u015fi\u015fleri Bakan\u0131 Yard\u0131mc\u0131s\u0131 Mikhail Bogdanov Rusya&#8217;n\u0131n 14 Nisan tarihinde Cenevre&#8217;de Suriyeliler aras\u0131nda yap\u0131lacak diyalog g\u00f6r\u00fc\u015fmelerinden umutlu oldu\u011funu ifade etti.<\/p>\n<p>Bogdanov bug\u00fcn yapt\u0131\u011f\u0131 ve RT\u2019nin aktard\u0131\u011f\u0131 bas\u0131n a\u00e7\u0131klamalar\u0131nda; Uluslararas\u0131 Suriye&#8217;ye Destek Grubu devletlerinde diyalog g\u00f6r\u00fc\u015fmelerinin desteklenmesine ili\u015fkin ortak bir karar\u0131n olmas\u0131n\u0131n umut verici oldu\u011funu s\u00f6yledi.<\/p>\n<p>Muhalefet gruplar\u0131n\u0131n ortak bir heyet te\u015fkil etmeleri ard\u0131ndan Suriye h\u00fck\u00fcmeti ile bu muhalefet heyeti aras\u0131nda direk g\u00f6r\u00fc\u015fmelerin m\u00fcmk\u00fcn olabilece\u011fini ifade eden Bogdanov; bir\u00e7ok muhalif grubun bulunmas\u0131n\u0131n BM Suriye \u00f6zel temsilcisi Staffan de Mistura\u2019n\u0131n g\u00f6revini zorla\u015ft\u0131rd\u0131\u011f\u0131n\u0131 s\u00f6yledi.<\/p>\n<p>Di\u011fer yandan Bogdanov; mevkida\u015f\u0131 Sergey Ryabkov\u2019un Suriye&#8217;de \u2018K\u00fcrt federal devlet\u2019 konusunda yapt\u0131\u011f\u0131 a\u00e7\u0131klamalar\u0131n yanl\u0131\u015f anla\u015f\u0131ld\u0131\u011f\u0131n\u0131n alt\u0131n\u0131 \u00e7izerken, bu a\u00e7\u0131klamalar\u0131n belli ba\u015fl\u0131 bir formatta ifade edildi\u011fini, meselenin tamam\u0131yla Suriyelilere ba\u011fl\u0131 oldu\u011funa vurgu yapt\u0131.<\/p>\n","protected":false},"excerpt":{"rendered":"<p>MOSKOVA \u2013 Rusya D\u0131\u015fi\u015fleri Bakan\u0131 Yard\u0131mc\u0131s\u0131 Mikhail Bogdanov Rusya&#8217;n\u0131n 14 Nisan tarihinde Cenevre&#8217;de Suriyeliler aras\u0131nda yap\u0131lacak diyalog g\u00f6r\u00fc\u015fmelerinden umutlu oldu\u011funu ifade etti. Bogdanov bug\u00fcn yapt\u0131\u011f\u0131 ve RT\u2019nin aktard\u0131\u011f\u0131 bas\u0131n a\u00e7\u0131klamalar\u0131nda; Uluslararas\u0131 Suriye&#8217;ye Destek Grubu devletlerinde diyalog g\u00f6r\u00fc\u015fmelerinin desteklenmesine ili\u015fkin ortak bir karar\u0131n olmas\u0131n\u0131n umut verici oldu\u011funu s\u00f6yledi. Muhalefet gruplar\u0131n\u0131n ortak bir heyet te\u015fkil etmeleri ard\u0131ndan &hellip;<\/p>\n","protected":false},"author":1,"featured_media":64502,"comment_status":"closed","ping_status":"closed","sticky":false,"template":"","format":"standard","meta":{"footnotes":""},"categories":[458,459,17988],"tags":[19807],"class_list":["post-64500","post","type-post","status-publish","format-standard","has-post-thumbnail","","category-dunya1","category-haberler-arap-uluslararasi-politika","category-son-haberler","tag-mesele-tamamen-suriyelilere-baglidir"],"_links":{"self":[{"href":"https:\/\/archive.sana.sy\/tr\/index.php?rest_route=\/wp\/v2\/posts\/64500","targetHints":{"allow":["GET"]}}],"collection":[{"href":"https:\/\/archive.sana.sy\/tr\/index.php?rest_route=\/wp\/v2\/posts"}],"about":[{"href":"https:\/\/archive.sana.sy\/tr\/index.php?rest_route=\/wp\/v2\/types\/post"}],"author":[{"embeddable":true,"href":"https:\/\/archive.sana.sy\/tr\/index.php?rest_route=\/wp\/v2\/users\/1"}],"replies":[{"embeddable":true,"href":"https:\/\/archive.sana.sy\/tr\/index.php?rest_route=%2Fwp%2Fv2%2Fcomments&post=64500"}],"version-history":[{"count":0,"href":"https:\/\/archive.sana.sy\/tr\/index.php?rest_route=\/wp\/v2\/posts\/64500\/revisions"}],"wp:featuredmedia":[{"embeddable":true,"href":"https:\/\/archive.sana.sy\/tr\/index.php?rest_route=\/wp\/v2\/media\/64502"}],"wp:attachment":[{"href":"https:\/\/archive.sana.sy\/tr\/index.php?rest_route=%2Fwp%2Fv2%2Fmedia&parent=64500"}],"wp:term":[{"taxonomy":"category","embeddable":true,"href":"https:\/\/archive.sana.sy\/tr\/index.php?rest_route=%2Fwp%2Fv2%2Fcategories&post=64500"},{"taxonomy":"post_tag","embeddable":true,"href":"https:\/\/archive.sana.sy\/tr\/index.php?rest_route=%2Fwp%2Fv2%2Ftags&post=64500"}],"curies":[{"name":"wp","href":"https:\/\/api.w.org\/{rel}","templated":true}]}}