{"id":64552,"date":"2016-03-12T22:20:39","date_gmt":"2016-03-12T20:20:39","guid":{"rendered":"http:\/\/www.sana.sy\/tr\/?p=64552"},"modified":"2016-03-12T16:23:11","modified_gmt":"2016-03-12T14:23:11","slug":"suriyede-uretildi-aylik-alisveris-festivali-cela-stadyumunda-basladi","status":"publish","type":"post","link":"https:\/\/archive.sana.sy\/tr\/?p=64552","title":{"rendered":"Suriye&#8217;de \u00dcretildi Ayl\u0131k Al\u0131\u015fveri\u015f Festivali Cela Stadyumunda Ba\u015flad\u0131"},"content":{"rendered":"<p>Suriye&#8217;de \u00dcretildi Ayl\u0131k Al\u0131\u015fveri\u015f Festivali Cela Stadyumunda Ba\u015flad\u0131<\/p>\n","protected":false},"excerpt":{"rendered":"<p>Suriye&#8217;de \u00dcretildi Ayl\u0131k Al\u0131\u015fveri\u015f Festivali Cela Stadyumunda Ba\u015flad\u0131<\/p>\n","protected":false},"author":1,"featured_media":64553,"comment_status":"closed","ping_status":"closed","sticky":false,"template":"","format":"standard","meta":{"footnotes":""},"categories":[573],"tags":[],"class_list":["post-64552","post","type-post","status-publish","format-standard","has-post-thumbnail","","category-goruntulu-olaylar"],"_links":{"self":[{"href":"https:\/\/archive.sana.sy\/tr\/index.php?rest_route=\/wp\/v2\/posts\/64552","targetHints":{"allow":["GET"]}}],"collection":[{"href":"https:\/\/archive.sana.sy\/tr\/index.php?rest_route=\/wp\/v2\/posts"}],"about":[{"href":"https:\/\/archive.sana.sy\/tr\/index.php?rest_route=\/wp\/v2\/types\/post"}],"author":[{"embeddable":true,"href":"https:\/\/archive.sana.sy\/tr\/index.php?rest_route=\/wp\/v2\/users\/1"}],"replies":[{"embeddable":true,"href":"https:\/\/archive.sana.sy\/tr\/index.php?rest_route=%2Fwp%2Fv2%2Fcomments&post=64552"}],"version-history":[{"count":0,"href":"https:\/\/archive.sana.sy\/tr\/index.php?rest_route=\/wp\/v2\/posts\/64552\/revisions"}],"wp:featuredmedia":[{"embeddable":true,"href":"https:\/\/archive.sana.sy\/tr\/index.php?rest_route=\/wp\/v2\/media\/64553"}],"wp:attachment":[{"href":"https:\/\/archive.sana.sy\/tr\/index.php?rest_route=%2Fwp%2Fv2%2Fmedia&parent=64552"}],"wp:term":[{"taxonomy":"category","embeddable":true,"href":"https:\/\/archive.sana.sy\/tr\/index.php?rest_route=%2Fwp%2Fv2%2Fcategories&post=64552"},{"taxonomy":"post_tag","embeddable":true,"href":"https:\/\/archive.sana.sy\/tr\/index.php?rest_route=%2Fwp%2Fv2%2Ftags&post=64552"}],"curies":[{"name":"wp","href":"https:\/\/api.w.org\/{rel}","templated":true}]}}