{"id":64556,"date":"2016-03-12T16:33:54","date_gmt":"2016-03-12T14:33:54","guid":{"rendered":"http:\/\/www.sana.sy\/tr\/?p=64556"},"modified":"2016-03-12T16:33:54","modified_gmt":"2016-03-12T14:33:54","slug":"dis-guclerin-komutasindaki-teroristler-sivillere-saldirdi","status":"publish","type":"post","link":"https:\/\/archive.sana.sy\/tr\/?p=64556","title":{"rendered":"D\u0131\u015f G\u00fc\u00e7lerin Komutas\u0131ndaki Ter\u00f6ristler Sivillere Sald\u0131rd\u0131"},"content":{"rendered":"<p>HAMA \u2013 D\u0131\u015f g\u00fc\u00e7lerin destekledi\u011fi ter\u00f6ristler Suriye&#8217;de \u00e7at\u0131\u015fmalar\u0131 durdurma anla\u015fmas\u0131na yeni bir ihlalle bug\u00fcn hama k\u0131rsal\u0131n\u0131n kuzeybat\u0131s\u0131 Skaylbiye Kentinde savunmas\u0131z sivil vatanda\u015flara geli\u015fig\u00fczel f\u00fcze sald\u0131r\u0131lar\u0131nda bulundular.<\/p>\n<p>Hama Emniyet M\u00fcd\u00fcrl\u00fc\u011f\u00fcnde yetkili bir kaynak SANA\u2019ya a\u00e7\u0131klamas\u0131nda; Kefarnabbuda ve \u015eeh\u015febo Da\u011f\u0131nda bulunan ter\u00f6ristlerin Hame Kentinden yakla\u015f\u0131k 48 km uzakl\u0131kta \u0130dlib il idari s\u0131n\u0131rlar\u0131na yak\u0131n d\u00fc\u015fen Skaylbiye Kentine 7 f\u00fczeyle sald\u0131rd\u0131klar\u0131n\u0131 belirtti. Kaynak ter\u00f6ristlerin geli\u015fig\u00fczel sald\u0131r\u0131lar\u0131nda 3 vatanda\u015f\u0131n yaraland\u0131\u011f\u0131n\u0131, \u00f6zel ve kamu m\u00fclklerde b\u00fcy\u00fck hasar\u0131n olu\u015ftu\u011funu aktard\u0131.<\/p>\n<p>Bu arada s\u00f6z konusu b\u00f6lgede T\u00fcrkiye ve Suudi Arabistan rejimlerinin destek ve komutas\u0131nda ter\u00f6r faaliyetlerinde bulunan ve bir\u00e7o\u011fu yabanc\u0131 olan \u2018Fetih Ordusu\u2019 ad\u0131 alt\u0131nda tekfirci ve kiral\u0131k ter\u00f6ristler bulunuyor.<\/p>\n","protected":false},"excerpt":{"rendered":"<p>HAMA \u2013 D\u0131\u015f g\u00fc\u00e7lerin destekledi\u011fi ter\u00f6ristler Suriye&#8217;de \u00e7at\u0131\u015fmalar\u0131 durdurma anla\u015fmas\u0131na yeni bir ihlalle bug\u00fcn hama k\u0131rsal\u0131n\u0131n kuzeybat\u0131s\u0131 Skaylbiye Kentinde savunmas\u0131z sivil vatanda\u015flara geli\u015fig\u00fczel f\u00fcze sald\u0131r\u0131lar\u0131nda bulundular. Hama Emniyet M\u00fcd\u00fcrl\u00fc\u011f\u00fcnde yetkili bir kaynak SANA\u2019ya a\u00e7\u0131klamas\u0131nda; Kefarnabbuda ve \u015eeh\u015febo Da\u011f\u0131nda bulunan ter\u00f6ristlerin Hame Kentinden yakla\u015f\u0131k 48 km uzakl\u0131kta \u0130dlib il idari s\u0131n\u0131rlar\u0131na yak\u0131n d\u00fc\u015fen Skaylbiye Kentine 7 &hellip;<\/p>\n","protected":false},"author":1,"featured_media":64557,"comment_status":"closed","ping_status":"closed","sticky":false,"template":"","format":"standard","meta":{"footnotes":""},"categories":[479,575,17988,478],"tags":[],"class_list":["post-64556","post","type-post","status-publish","format-standard","has-post-thumbnail","","category-haberler-yerel","category-olaylar-ve-gercekler","category-son-haberler","category-yerel"],"_links":{"self":[{"href":"https:\/\/archive.sana.sy\/tr\/index.php?rest_route=\/wp\/v2\/posts\/64556","targetHints":{"allow":["GET"]}}],"collection":[{"href":"https:\/\/archive.sana.sy\/tr\/index.php?rest_route=\/wp\/v2\/posts"}],"about":[{"href":"https:\/\/archive.sana.sy\/tr\/index.php?rest_route=\/wp\/v2\/types\/post"}],"author":[{"embeddable":true,"href":"https:\/\/archive.sana.sy\/tr\/index.php?rest_route=\/wp\/v2\/users\/1"}],"replies":[{"embeddable":true,"href":"https:\/\/archive.sana.sy\/tr\/index.php?rest_route=%2Fwp%2Fv2%2Fcomments&post=64556"}],"version-history":[{"count":0,"href":"https:\/\/archive.sana.sy\/tr\/index.php?rest_route=\/wp\/v2\/posts\/64556\/revisions"}],"wp:featuredmedia":[{"embeddable":true,"href":"https:\/\/archive.sana.sy\/tr\/index.php?rest_route=\/wp\/v2\/media\/64557"}],"wp:attachment":[{"href":"https:\/\/archive.sana.sy\/tr\/index.php?rest_route=%2Fwp%2Fv2%2Fmedia&parent=64556"}],"wp:term":[{"taxonomy":"category","embeddable":true,"href":"https:\/\/archive.sana.sy\/tr\/index.php?rest_route=%2Fwp%2Fv2%2Fcategories&post=64556"},{"taxonomy":"post_tag","embeddable":true,"href":"https:\/\/archive.sana.sy\/tr\/index.php?rest_route=%2Fwp%2Fv2%2Ftags&post=64556"}],"curies":[{"name":"wp","href":"https:\/\/api.w.org\/{rel}","templated":true}]}}