{"id":64576,"date":"2016-03-12T20:17:02","date_gmt":"2016-03-12T18:17:02","guid":{"rendered":"http:\/\/www.sana.sy\/tr\/?p=64576"},"modified":"2016-03-12T20:17:02","modified_gmt":"2016-03-12T18:17:02","slug":"rusyanin-cenevredeki-bm-ofisi-daimi-temsilcisi-aleksey-borodavk-turkiye-rejiminin-suriyeli-kurt-temsilcilerin-cenevreye-gitmeleri-halinde-suriyeliler-arasinda-yapilmasi-beklenen-diyalog","status":"publish","type":"post","link":"https:\/\/archive.sana.sy\/tr\/?p=64576","title":{"rendered":"Rusya&#8217;n\u0131n Cenevre&#8217;deki BM Ofisi Daimi Temsilcisi Aleksey Borodavk; T\u00fcrkiye rejiminin Suriyeli K\u00fcrt temsilcilerin Cenevre\u2019ye gitmeleri halinde Suriyeliler aras\u0131nda yap\u0131lmas\u0131 beklenen diyalog g\u00f6r\u00fc\u015fmelerini sabote etme tehditlerinin kabul edilemez oldu\u011funu belirtti"},"content":{"rendered":"<p>Rusya&#8217;n\u0131n Cenevre&#8217;deki BM Ofisi Daimi Temsilcisi Aleksey Borodavk; T\u00fcrkiye rejiminin Suriyeli K\u00fcrt temsilcilerin Cenevre\u2019ye gitmeleri halinde Suriyeliler aras\u0131nda yap\u0131lmas\u0131 beklenen diyalog g\u00f6r\u00fc\u015fmelerini sabote etme tehditlerinin kabul edilemez oldu\u011funu belirtti<\/p>\n","protected":false},"excerpt":{"rendered":"<p>Rusya&#8217;n\u0131n Cenevre&#8217;deki BM Ofisi Daimi Temsilcisi Aleksey Borodavk; T\u00fcrkiye rejiminin Suriyeli K\u00fcrt temsilcilerin Cenevre\u2019ye gitmeleri halinde Suriyeliler aras\u0131nda yap\u0131lmas\u0131 beklenen diyalog g\u00f6r\u00fc\u015fmelerini sabote etme tehditlerinin kabul edilemez oldu\u011funu belirtti<\/p>\n","protected":false},"author":1,"featured_media":0,"comment_status":"closed","ping_status":"closed","sticky":false,"template":"","format":"standard","meta":{"footnotes":""},"categories":[17991],"tags":[],"class_list":["post-64576","post","type-post","status-publish","format-standard","","category-son-dakika"],"_links":{"self":[{"href":"https:\/\/archive.sana.sy\/tr\/index.php?rest_route=\/wp\/v2\/posts\/64576","targetHints":{"allow":["GET"]}}],"collection":[{"href":"https:\/\/archive.sana.sy\/tr\/index.php?rest_route=\/wp\/v2\/posts"}],"about":[{"href":"https:\/\/archive.sana.sy\/tr\/index.php?rest_route=\/wp\/v2\/types\/post"}],"author":[{"embeddable":true,"href":"https:\/\/archive.sana.sy\/tr\/index.php?rest_route=\/wp\/v2\/users\/1"}],"replies":[{"embeddable":true,"href":"https:\/\/archive.sana.sy\/tr\/index.php?rest_route=%2Fwp%2Fv2%2Fcomments&post=64576"}],"version-history":[{"count":0,"href":"https:\/\/archive.sana.sy\/tr\/index.php?rest_route=\/wp\/v2\/posts\/64576\/revisions"}],"wp:attachment":[{"href":"https:\/\/archive.sana.sy\/tr\/index.php?rest_route=%2Fwp%2Fv2%2Fmedia&parent=64576"}],"wp:term":[{"taxonomy":"category","embeddable":true,"href":"https:\/\/archive.sana.sy\/tr\/index.php?rest_route=%2Fwp%2Fv2%2Fcategories&post=64576"},{"taxonomy":"post_tag","embeddable":true,"href":"https:\/\/archive.sana.sy\/tr\/index.php?rest_route=%2Fwp%2Fv2%2Ftags&post=64576"}],"curies":[{"name":"wp","href":"https:\/\/api.w.org\/{rel}","templated":true}]}}