{"id":64590,"date":"2016-03-13T08:11:20","date_gmt":"2016-03-13T06:11:20","guid":{"rendered":"http:\/\/www.sana.sy\/tr\/?p=64590"},"modified":"2016-03-13T15:21:02","modified_gmt":"2016-03-13T13:21:02","slug":"damarlarimizda-akan-kanimiz-vatanin-en-buyuk-guvencesidir-video","status":"publish","type":"post","link":"https:\/\/archive.sana.sy\/tr\/?p=64590","title":{"rendered":"Damarlar\u0131m\u0131zda Akan Kan\u0131m\u0131z Vatan\u0131n En B\u00fcy\u00fck G\u00fcvencesidir (video)"},"content":{"rendered":"<p>\u0130LLER \u2013 Suriye Sosyalist Milliyet\u00e7i Partisi kahraman ordu birliklerimizin ter\u00f6re kar\u015f\u0131 verdikleri \u015fanl\u0131 m\u00fccadeleyi ve sergiledikleri fedak\u00e2rl\u0131klar\u0131na kar\u015f\u0131 duyduklar\u0131 minnet ve \u015f\u00fckran duygular\u0131n\u0131 ifade etmek amac\u0131yla d\u00fcn \u201cSenin \u0130\u00e7in Suriye\u201d \u015fiar\u0131 alt\u0131nda kan ba\u011f\u0131\u015flama kampanyas\u0131 ba\u015flatt\u0131.<\/p>\n<p>Suriye Sosyalist Milliyet\u00e7i Partisi Ba\u015fkan\u0131 Josef S\u00fcveyd, yapt\u0131\u011f\u0131 a\u00e7\u0131klamada, damarlar\u0131nda akan kan\u0131n vatan i\u00e7in bir g\u00fcvence te\u015fkil etti\u011fini ve ihtiya\u00e7 duyuldu\u011fu anda bu kan\u0131n son damlas\u0131na kadar vatan i\u00e7in feda etmekte teredd\u00fct etmeyece\u011fini dile getirerek ter\u00f6re kar\u015f\u0131 destans\u0131 bir direni\u015f sergileyen kahraman ordu birliklerimiz i\u00e7in kan ba\u011f\u0131\u015f\u0131 yapmaktan b\u00fcy\u00fck bir onur duydu\u011funu belirtti.<\/p>\n<p>Kampanyan\u0131n Nisan ay\u0131nda yap\u0131lmas\u0131 planlanan se\u00e7im haz\u0131rl\u0131klar\u0131n\u0131n yap\u0131ld\u0131\u011f\u0131 bir d\u00f6neme denk gelmesinin anlaml\u0131 oldu\u011funa i\u015faret eden S\u00fcveyd; Suriyeli Milliyet\u00e7ilerin; \u00fclkede her zaman anayasal ve siyasi s\u00fcrecin bir par\u00e7as\u0131 olacaklar\u0131n\u0131 ve vatan\u0131n yeniden in\u015fas\u0131nda her zaman en \u00f6n safta yer alacaklar\u0131n\u0131 vurgulad\u0131.<\/p>\n<p>Kampanyan\u0131n \u015eam, Homs, Lazkiye, S\u00fcveyda, Halep ve Tartus illerinde geni\u015f bir kat\u0131l\u0131mla ba\u015flad\u0131\u011f\u0131na dikkat \u00e7eken S\u00fcveyd, vatan\u0131n ba\u011f\u0131ms\u0131zl\u0131\u011f\u0131 ve egemenli\u011fi i\u00e7in her t\u00fcrl\u00fc fedakarl\u0131\u011f\u0131 yapmaya haz\u0131r oldu\u011funu ekledi.<\/p>\n<p>https:\/\/www.youtube.com\/watch?v=DvkNV-5Ipgg<\/p>\n","protected":false},"excerpt":{"rendered":"<p>\u0130LLER \u2013 Suriye Sosyalist Milliyet\u00e7i Partisi kahraman ordu birliklerimizin ter\u00f6re kar\u015f\u0131 verdikleri \u015fanl\u0131 m\u00fccadeleyi ve sergiledikleri fedak\u00e2rl\u0131klar\u0131na kar\u015f\u0131 duyduklar\u0131 minnet ve \u015f\u00fckran duygular\u0131n\u0131 ifade etmek amac\u0131yla d\u00fcn \u201cSenin \u0130\u00e7in Suriye\u201d \u015fiar\u0131 alt\u0131nda kan ba\u011f\u0131\u015flama kampanyas\u0131 ba\u015flatt\u0131. Suriye Sosyalist Milliyet\u00e7i Partisi Ba\u015fkan\u0131 Josef S\u00fcveyd, yapt\u0131\u011f\u0131 a\u00e7\u0131klamada, damarlar\u0131nda akan kan\u0131n vatan i\u00e7in bir g\u00fcvence te\u015fkil etti\u011fini ve &hellip;<\/p>\n","protected":false},"author":1,"featured_media":64591,"comment_status":"closed","ping_status":"closed","sticky":false,"template":"","format":"standard","meta":{"footnotes":""},"categories":[479,17988,478],"tags":[19813,19817,19814,19815,19816],"class_list":["post-64590","post","type-post","status-publish","format-standard","has-post-thumbnail","","category-haberler-yerel","category-son-haberler","category-yerel","tag-damarlarimizda-akan-kanimiz-vatanin-en-buyuk-guvencesidir","tag-josef-suveyd","tag-kan-bagisi","tag-orduya-destek","tag-suriye-sosyalist-milliyetci-partisi"],"_links":{"self":[{"href":"https:\/\/archive.sana.sy\/tr\/index.php?rest_route=\/wp\/v2\/posts\/64590","targetHints":{"allow":["GET"]}}],"collection":[{"href":"https:\/\/archive.sana.sy\/tr\/index.php?rest_route=\/wp\/v2\/posts"}],"about":[{"href":"https:\/\/archive.sana.sy\/tr\/index.php?rest_route=\/wp\/v2\/types\/post"}],"author":[{"embeddable":true,"href":"https:\/\/archive.sana.sy\/tr\/index.php?rest_route=\/wp\/v2\/users\/1"}],"replies":[{"embeddable":true,"href":"https:\/\/archive.sana.sy\/tr\/index.php?rest_route=%2Fwp%2Fv2%2Fcomments&post=64590"}],"version-history":[{"count":0,"href":"https:\/\/archive.sana.sy\/tr\/index.php?rest_route=\/wp\/v2\/posts\/64590\/revisions"}],"wp:featuredmedia":[{"embeddable":true,"href":"https:\/\/archive.sana.sy\/tr\/index.php?rest_route=\/wp\/v2\/media\/64591"}],"wp:attachment":[{"href":"https:\/\/archive.sana.sy\/tr\/index.php?rest_route=%2Fwp%2Fv2%2Fmedia&parent=64590"}],"wp:term":[{"taxonomy":"category","embeddable":true,"href":"https:\/\/archive.sana.sy\/tr\/index.php?rest_route=%2Fwp%2Fv2%2Fcategories&post=64590"},{"taxonomy":"post_tag","embeddable":true,"href":"https:\/\/archive.sana.sy\/tr\/index.php?rest_route=%2Fwp%2Fv2%2Ftags&post=64590"}],"curies":[{"name":"wp","href":"https:\/\/api.w.org\/{rel}","templated":true}]}}