{"id":64610,"date":"2016-03-12T19:26:06","date_gmt":"2016-03-12T17:26:06","guid":{"rendered":"http:\/\/www.sana.sy\/tr\/?p=64610"},"modified":"2016-03-13T15:56:23","modified_gmt":"2016-03-13T13:56:23","slug":"siddet-goren-kadinlara-onur-toreni","status":"publish","type":"post","link":"https:\/\/archive.sana.sy\/tr\/?p=64610","title":{"rendered":"\u015eiddet G\u00f6ren Kad\u0131nlara Onur T\u00f6reni (video)"},"content":{"rendered":"<p>\u015eAM \u2013 Sosyal \u0130\u015fler Bakanl\u0131\u011f\u0131 D\u00fcnya Kad\u0131nlar G\u00fcn\u00fc m\u00fcnasebetiyle, bug\u00fcn \u2018\u2019Vatan\u0131n Yasemin \u00c7i\u00e7ekleri Boyun E\u011fmez\u2019\u2019 slogan\u0131yla \u015eam\u2019daki Yasemin el \u015eam Salonunda \u015fiddete maruz kalm\u0131\u015f 20 kad\u0131n ve gen\u00e7 k\u0131za \u00f6d\u00fcl t\u00f6reni d\u00fczenledi.<\/p>\n<p>T\u00f6rende konu\u015fan Sosyal \u0130\u015fler Bakan\u0131 Rima el Kadiri, Suriye Arap Cumhuriyeti anayasas\u0131n\u0131n kad\u0131n erkek aras\u0131nda hak, hukuk ve vecibeler a\u00e7\u0131s\u0131ndan hi\u00e7bir fark g\u00f6zetmedi\u011fine dikkat \u00e7ekti. Kadiri anayasan\u0131n kad\u0131n ve erkeklere ayn\u0131 haklar\u0131 ve ayn\u0131 f\u0131rsatlar\u0131 tan\u0131d\u0131\u011f\u0131n\u0131 belirtirken, Suriye anayasas\u0131n\u0131n bu gibi sosyal meselelerde d\u00fcnyan\u0131n \u00f6nde gelen devletlerin yasalar\u0131na e\u015f oldu\u011funu s\u00f6yledi.<\/p>\n<p>Suriye&#8217;nin kad\u0131n haklar\u0131n\u0131 korumak ve garantilemek i\u00e7in bir dizi yasama ve kanunla ileri ad\u0131mlar att\u0131\u011f\u0131na dikkat \u00e7eken Kadiri; bu ba\u011flamda uluslar aras\u0131 ilgili anla\u015fmalara da imza at\u0131p ba\u011fl\u0131 kald\u0131\u011f\u0131n\u0131 ifade etti.<\/p>\n<p>Bakan Kadiri \u015fiddet g\u00f6ren kad\u0131nlara onur t\u00f6reni d\u00fczenlemenin bu kad\u0131nlar\u0131n sa\u011flam iradeleri, ya\u015fam sevgileri ve toplumun yap\u0131land\u0131r\u0131lmas\u0131nda oynayacaklar\u0131 \u00f6nemli role takdir ba\u011flam\u0131nda oldu\u011funu s\u00f6yledi.<\/p>\n<p>https:\/\/www.youtube.com\/watch?v=MTmHzH3yeX0<\/p>\n","protected":false},"excerpt":{"rendered":"<p>\u015eAM \u2013 Sosyal \u0130\u015fler Bakanl\u0131\u011f\u0131 D\u00fcnya Kad\u0131nlar G\u00fcn\u00fc m\u00fcnasebetiyle, bug\u00fcn \u2018\u2019Vatan\u0131n Yasemin \u00c7i\u00e7ekleri Boyun E\u011fmez\u2019\u2019 slogan\u0131yla \u015eam\u2019daki Yasemin el \u015eam Salonunda \u015fiddete maruz kalm\u0131\u015f 20 kad\u0131n ve gen\u00e7 k\u0131za \u00f6d\u00fcl t\u00f6reni d\u00fczenledi. T\u00f6rende konu\u015fan Sosyal \u0130\u015fler Bakan\u0131 Rima el Kadiri, Suriye Arap Cumhuriyeti anayasas\u0131n\u0131n kad\u0131n erkek aras\u0131nda hak, hukuk ve vecibeler a\u00e7\u0131s\u0131ndan hi\u00e7bir fark g\u00f6zetmedi\u011fine &hellip;<\/p>\n","protected":false},"author":1,"featured_media":64614,"comment_status":"closed","ping_status":"closed","sticky":false,"template":"","format":"standard","meta":{"footnotes":""},"categories":[541,479,17988,538,478],"tags":[19826,19824,19825],"class_list":["post-64610","post","type-post","status-publish","format-standard","has-post-thumbnail","","category-haberler","category-haberler-yerel","category-son-haberler","category-yasam","category-yerel","tag-rima-el-kadiri","tag-siddet-goren-kadinlara-onur-toreni","tag-sosyal-isler-bakanligi"],"_links":{"self":[{"href":"https:\/\/archive.sana.sy\/tr\/index.php?rest_route=\/wp\/v2\/posts\/64610","targetHints":{"allow":["GET"]}}],"collection":[{"href":"https:\/\/archive.sana.sy\/tr\/index.php?rest_route=\/wp\/v2\/posts"}],"about":[{"href":"https:\/\/archive.sana.sy\/tr\/index.php?rest_route=\/wp\/v2\/types\/post"}],"author":[{"embeddable":true,"href":"https:\/\/archive.sana.sy\/tr\/index.php?rest_route=\/wp\/v2\/users\/1"}],"replies":[{"embeddable":true,"href":"https:\/\/archive.sana.sy\/tr\/index.php?rest_route=%2Fwp%2Fv2%2Fcomments&post=64610"}],"version-history":[{"count":0,"href":"https:\/\/archive.sana.sy\/tr\/index.php?rest_route=\/wp\/v2\/posts\/64610\/revisions"}],"wp:featuredmedia":[{"embeddable":true,"href":"https:\/\/archive.sana.sy\/tr\/index.php?rest_route=\/wp\/v2\/media\/64614"}],"wp:attachment":[{"href":"https:\/\/archive.sana.sy\/tr\/index.php?rest_route=%2Fwp%2Fv2%2Fmedia&parent=64610"}],"wp:term":[{"taxonomy":"category","embeddable":true,"href":"https:\/\/archive.sana.sy\/tr\/index.php?rest_route=%2Fwp%2Fv2%2Fcategories&post=64610"},{"taxonomy":"post_tag","embeddable":true,"href":"https:\/\/archive.sana.sy\/tr\/index.php?rest_route=%2Fwp%2Fv2%2Ftags&post=64610"}],"curies":[{"name":"wp","href":"https:\/\/api.w.org\/{rel}","templated":true}]}}