{"id":64622,"date":"2016-03-13T08:30:01","date_gmt":"2016-03-13T06:30:01","guid":{"rendered":"http:\/\/www.sana.sy\/tr\/?p=64622"},"modified":"2016-03-13T19:31:02","modified_gmt":"2016-03-13T17:31:02","slug":"keskin-nisancilar-beldeye-ates-acti","status":"publish","type":"post","link":"https:\/\/archive.sana.sy\/tr\/?p=64622","title":{"rendered":"Ter\u00f6ristlerin Sivillere Sald\u0131r\u0131lar\u0131nda 3 \u015eehit"},"content":{"rendered":"<p>\u0130LLER \u2013 Ba\u015fta Erdo\u011fan rejimi olmak \u00fczere bir k\u0131s\u0131m devletlerin askeri ve siyasi muhtelif t\u00fcr destek temin ettikkleri ter\u00f6ristler bug\u00fcn de savunmas\u0131z sivil b\u00f6lgelere sald\u0131r\u0131lar\u0131n\u0131 s\u00fcrd\u00fcrd\u00fc.<\/p>\n<p><span style=\"color: #0000ff\">DEYREZZOR:<\/span><\/p>\n<p>SANA\u2019n\u0131n Deyrezzor muhabiri I\u015e\u0130D tekfircilerinin kentin sivil yerle\u015fim alanlar\u0131ndan Cura ve Kusur semtlerini geli\u015fig\u00fczel f\u00fcze sald\u0131r\u0131lar\u0131yla hedef almalar\u0131 sonucunda 2 kad\u0131n\u0131n \u015fehit, aralar\u0131nda \u00e7ocuk ve kad\u0131nlar\u0131n bulundu\u011fu 13 vatanda\u015f\u0131n yaral\u0131 d\u00fc\u015ft\u00fcklerini belirtti<\/p>\n<p><span style=\"color: #0000ff\">\u0130DL\u0130B:<\/span><\/p>\n<p>\u00d6te yandan Erdo\u011fan ve Al Suud rejimlerine tabi keskin ni\u015fanc\u0131 ter\u00f6ristler \u00e7at\u0131\u015fmalar\u0131 durdurma anla\u015fmas\u0131n\u0131 bir kez daha ihlal ederek \u0130dlib k\u0131rsal\u0131nda y\u0131llard\u0131r abluka alt\u0131nda tuttuklar\u0131 Fua Beldesine ate\u015f a\u00e7t\u0131.<\/p>\n<p>Beldeden yerel kaynaklar SANA\u2019ya a\u00e7\u0131klamalar\u0131nda Benni\u015f Beldesinde bulunan keskin ni\u015fanc\u0131 ter\u00f6ristlerin beldeye ate\u015f a\u00e7t\u0131klar\u0131n\u0131 aktar\u0131rken, a\u00e7\u0131lan ter\u00f6r ate\u015finde bir vatanda\u015f\u0131n \u015fehit d\u00fc\u015ft\u00fc\u011f\u00fcn\u00fc belirtti.<\/p>\n<p><span style=\"color: #0000ff\">DERA:<\/span><\/p>\n<p>Dera ilinde ise SANA muhabiri \u00e7at\u0131\u015fmalar\u0131 durdurma anla\u015fmas\u0131n\u0131 ihlal eden ter\u00f6ristlerin Dera kentinin sivil yerle\u015fim alanlar\u0131ndan Sehari Semtini f\u00fczelerle hedef almalar\u0131 sonucunda bir vatanda\u015f\u0131n yaraland\u0131\u011f\u0131n\u0131 belirtti.<\/p>\n<p><span style=\"color: #0000ff\">HALEP<\/span>:<\/p>\n<p>Ak\u015fam saatlerinde a\u00e7\u0131klama yapan yerel kaynaklar; Halep Kentinde \u00e7at\u0131\u015fmalar\u0131 durdurma anla\u015fmas\u0131n\u0131 ihlal eden Erdo\u011fan \u00e7etelerinin \u015eeyh Maksud Semtini 5 f\u00fcze ve havan roketiyle hedef almalar\u0131 sonucunda 5 vatanda\u015f\u0131n yaral\u0131 d\u00fc\u015ft\u00fckklerini belirtti. Kaynaklar; hain ve gaddar sald\u0131r\u0131larda \u00f6zel ve kamu m\u00fclklerde b\u00fcy\u00fck maddi hasar\u0131n olu\u015ftu\u011funa dikkat \u00e7ekti.<\/p>\n","protected":false},"excerpt":{"rendered":"<p>\u0130LLER \u2013 Ba\u015fta Erdo\u011fan rejimi olmak \u00fczere bir k\u0131s\u0131m devletlerin askeri ve siyasi muhtelif t\u00fcr destek temin ettikkleri ter\u00f6ristler bug\u00fcn de savunmas\u0131z sivil b\u00f6lgelere sald\u0131r\u0131lar\u0131n\u0131 s\u00fcrd\u00fcrd\u00fc. DEYREZZOR: SANA\u2019n\u0131n Deyrezzor muhabiri I\u015e\u0130D tekfircilerinin kentin sivil yerle\u015fim alanlar\u0131ndan Cura ve Kusur semtlerini geli\u015fig\u00fczel f\u00fcze sald\u0131r\u0131lar\u0131yla hedef almalar\u0131 sonucunda 2 kad\u0131n\u0131n \u015fehit, aralar\u0131nda \u00e7ocuk ve kad\u0131nlar\u0131n bulundu\u011fu 13 &hellip;<\/p>\n","protected":false},"author":1,"featured_media":64624,"comment_status":"closed","ping_status":"closed","sticky":false,"template":"","format":"standard","meta":{"footnotes":""},"categories":[479,575,17988,478],"tags":[],"class_list":["post-64622","post","type-post","status-publish","format-standard","has-post-thumbnail","","category-haberler-yerel","category-olaylar-ve-gercekler","category-son-haberler","category-yerel"],"_links":{"self":[{"href":"https:\/\/archive.sana.sy\/tr\/index.php?rest_route=\/wp\/v2\/posts\/64622","targetHints":{"allow":["GET"]}}],"collection":[{"href":"https:\/\/archive.sana.sy\/tr\/index.php?rest_route=\/wp\/v2\/posts"}],"about":[{"href":"https:\/\/archive.sana.sy\/tr\/index.php?rest_route=\/wp\/v2\/types\/post"}],"author":[{"embeddable":true,"href":"https:\/\/archive.sana.sy\/tr\/index.php?rest_route=\/wp\/v2\/users\/1"}],"replies":[{"embeddable":true,"href":"https:\/\/archive.sana.sy\/tr\/index.php?rest_route=%2Fwp%2Fv2%2Fcomments&post=64622"}],"version-history":[{"count":0,"href":"https:\/\/archive.sana.sy\/tr\/index.php?rest_route=\/wp\/v2\/posts\/64622\/revisions"}],"wp:featuredmedia":[{"embeddable":true,"href":"https:\/\/archive.sana.sy\/tr\/index.php?rest_route=\/wp\/v2\/media\/64624"}],"wp:attachment":[{"href":"https:\/\/archive.sana.sy\/tr\/index.php?rest_route=%2Fwp%2Fv2%2Fmedia&parent=64622"}],"wp:term":[{"taxonomy":"category","embeddable":true,"href":"https:\/\/archive.sana.sy\/tr\/index.php?rest_route=%2Fwp%2Fv2%2Fcategories&post=64622"},{"taxonomy":"post_tag","embeddable":true,"href":"https:\/\/archive.sana.sy\/tr\/index.php?rest_route=%2Fwp%2Fv2%2Ftags&post=64622"}],"curies":[{"name":"wp","href":"https:\/\/api.w.org\/{rel}","templated":true}]}}