{"id":64626,"date":"2016-03-13T15:27:50","date_gmt":"2016-03-13T13:27:50","guid":{"rendered":"http:\/\/www.sana.sy\/tr\/?p=64626"},"modified":"2016-03-14T15:34:18","modified_gmt":"2016-03-14T13:34:18","slug":"afrin-ve-ezaz-ahalisine-26-kamyon-insani-yardim","status":"publish","type":"post","link":"https:\/\/archive.sana.sy\/tr\/?p=64626","title":{"rendered":"Afrin ve Ezaz Ahalisine 26 Kamyon \u0130nsani Yard\u0131m (video)"},"content":{"rendered":"<p>HALEP \u2013 Suriye K\u0131z\u0131lay \u00d6rg\u00fct\u00fc, Halep Valili\u011fi ve D\u00fcnya Sa\u011fl\u0131k \u00d6rg\u00fct\u00fcn\u00fcn i\u015fbirli\u011fi ile bug\u00fcn Halep k\u0131rsal\u0131n\u0131n Afrin ve Ezaz b\u00f6lgelerine insani yard\u0131m ta\u015f\u0131yan 26 kamyon g\u00f6nderildi.<\/p>\n<p>Halep Valili\u011finde bir kaynak SANA\u2019ya a\u00e7\u0131klamas\u0131nda muhtelif t\u00fcr insani yard\u0131mlar\u0131n Ezaz ve Afrin kentlerinin yan\u0131 s\u0131ra civarlar\u0131ndaki k\u00f6ylerde bulunan yakla\u015f\u0131k 10 bin aileye g\u00f6nderildi\u011fini a\u00e7\u0131klad\u0131. Kaynak insani yard\u0131mlarda g\u0131da maddelerinin yan\u0131 s\u0131ra \u00e7ocuk gereksinimleri bulundu\u011funu s\u00f6yledi.<\/p>\n<p>Bu arada Halep k\u0131rsal\u0131nda I\u015e\u0130D ve Nusra Cephesi ba\u015fta olmak \u00fczere muhtelif isimler alt\u0131nda faaliyet g\u00f6steren ve T\u00fcrkiye&#8217;de Erdo\u011fan rejiminden her t\u00fcrl\u00fc destek ve talimat alan ter\u00f6r \u00f6rg\u00fctleri bulunuyor.<\/p>\n<p>https:\/\/www.youtube.com\/watch?v=HNFQZxCDkhQ<\/p>\n","protected":false},"excerpt":{"rendered":"<p>HALEP \u2013 Suriye K\u0131z\u0131lay \u00d6rg\u00fct\u00fc, Halep Valili\u011fi ve D\u00fcnya Sa\u011fl\u0131k \u00d6rg\u00fct\u00fcn\u00fcn i\u015fbirli\u011fi ile bug\u00fcn Halep k\u0131rsal\u0131n\u0131n Afrin ve Ezaz b\u00f6lgelerine insani yard\u0131m ta\u015f\u0131yan 26 kamyon g\u00f6nderildi. Halep Valili\u011finde bir kaynak SANA\u2019ya a\u00e7\u0131klamas\u0131nda muhtelif t\u00fcr insani yard\u0131mlar\u0131n Ezaz ve Afrin kentlerinin yan\u0131 s\u0131ra civarlar\u0131ndaki k\u00f6ylerde bulunan yakla\u015f\u0131k 10 bin aileye g\u00f6nderildi\u011fini a\u00e7\u0131klad\u0131. Kaynak insani yard\u0131mlarda g\u0131da &hellip;<\/p>\n","protected":false},"author":1,"featured_media":64711,"comment_status":"closed","ping_status":"closed","sticky":false,"template":"","format":"standard","meta":{"footnotes":""},"categories":[479,575,478],"tags":[],"class_list":["post-64626","post","type-post","status-publish","format-standard","has-post-thumbnail","","category-haberler-yerel","category-olaylar-ve-gercekler","category-yerel"],"_links":{"self":[{"href":"https:\/\/archive.sana.sy\/tr\/index.php?rest_route=\/wp\/v2\/posts\/64626","targetHints":{"allow":["GET"]}}],"collection":[{"href":"https:\/\/archive.sana.sy\/tr\/index.php?rest_route=\/wp\/v2\/posts"}],"about":[{"href":"https:\/\/archive.sana.sy\/tr\/index.php?rest_route=\/wp\/v2\/types\/post"}],"author":[{"embeddable":true,"href":"https:\/\/archive.sana.sy\/tr\/index.php?rest_route=\/wp\/v2\/users\/1"}],"replies":[{"embeddable":true,"href":"https:\/\/archive.sana.sy\/tr\/index.php?rest_route=%2Fwp%2Fv2%2Fcomments&post=64626"}],"version-history":[{"count":0,"href":"https:\/\/archive.sana.sy\/tr\/index.php?rest_route=\/wp\/v2\/posts\/64626\/revisions"}],"wp:featuredmedia":[{"embeddable":true,"href":"https:\/\/archive.sana.sy\/tr\/index.php?rest_route=\/wp\/v2\/media\/64711"}],"wp:attachment":[{"href":"https:\/\/archive.sana.sy\/tr\/index.php?rest_route=%2Fwp%2Fv2%2Fmedia&parent=64626"}],"wp:term":[{"taxonomy":"category","embeddable":true,"href":"https:\/\/archive.sana.sy\/tr\/index.php?rest_route=%2Fwp%2Fv2%2Fcategories&post=64626"},{"taxonomy":"post_tag","embeddable":true,"href":"https:\/\/archive.sana.sy\/tr\/index.php?rest_route=%2Fwp%2Fv2%2Ftags&post=64626"}],"curies":[{"name":"wp","href":"https:\/\/api.w.org\/{rel}","templated":true}]}}