{"id":64629,"date":"2016-03-13T11:00:58","date_gmt":"2016-03-13T09:00:58","guid":{"rendered":"http:\/\/www.sana.sy\/tr\/?p=64629"},"modified":"2016-03-14T11:15:01","modified_gmt":"2016-03-14T09:15:01","slug":"suriye-heyeti-cenevreye-ulasti-2","status":"publish","type":"post","link":"https:\/\/archive.sana.sy\/tr\/?p=64629","title":{"rendered":"Suriye Heyeti Cenevre&#8217;ye Ula\u015ft\u0131"},"content":{"rendered":"<p>CENEVRE \u2013 Yar\u0131n Pazartesi g\u00fcn\u00fc Cenevre&#8217;de BM g\u00f6zetimi alt\u0131nda ba\u015flayacak Suriyeliler aras\u0131nda dolayl\u0131 diyalog g\u00f6r\u00fc\u015fmelerinde Suriye Arap Cumhuriyetini temsil edecek resmi heyet bug\u00fcn Suriye&#8217;nin BM\u2019deki daimi temsilcisi Be\u015f\u015far el Caferi ba\u015fkanl\u0131\u011f\u0131nda Cenevre&#8217;ye ula\u015ft\u0131.<\/p>\n<p>Ba\u015fbakan Yard\u0131mc\u0131s\u0131 D\u0131\u015fi\u015fleri ve Gurbet\u00e7iler Bakan\u0131 Velid el Muallim d\u00fcn d\u00fczenledi\u011fi bas\u0131n konferans\u0131nda Suriye heyetinin daha \u00f6nce ya\u015fanan hatalar\u0131n tekrarlanmas\u0131na izin vermeyece\u011fini ifade etmi\u015f, g\u00f6r\u00fc\u015fmelerin ba\u015flamas\u0131 i\u00e7in belirlenen tarih ard\u0131ndan 24 saat i\u00e7inde g\u00f6r\u00fc\u015fmelerin ba\u015flamamas\u0131 halinde \u015eam\u2019a d\u00f6nece\u011fini belirtmi\u015fti.<\/p>\n<p>BM Suriye \u00f6zel temsilcisi Staffan de Mistura ise Suriyeliler aras\u0131nda diyalog g\u00f6r\u00fc\u015fmelerinin 14 Mart Pazartesi g\u00fcn\u00fc ba\u015flayaca\u011f\u0131n\u0131 ifade etmi\u015f, ilk g\u00f6r\u00fc\u015fmeyi de Suriye Arap Cumhuriyeti heyeti ile yapaca\u011f\u0131n\u0131 a\u00e7\u0131klam\u0131\u015ft\u0131.<\/p>\n","protected":false},"excerpt":{"rendered":"<p>CENEVRE \u2013 Yar\u0131n Pazartesi g\u00fcn\u00fc Cenevre&#8217;de BM g\u00f6zetimi alt\u0131nda ba\u015flayacak Suriyeliler aras\u0131nda dolayl\u0131 diyalog g\u00f6r\u00fc\u015fmelerinde Suriye Arap Cumhuriyetini temsil edecek resmi heyet bug\u00fcn Suriye&#8217;nin BM\u2019deki daimi temsilcisi Be\u015f\u015far el Caferi ba\u015fkanl\u0131\u011f\u0131nda Cenevre&#8217;ye ula\u015ft\u0131. Ba\u015fbakan Yard\u0131mc\u0131s\u0131 D\u0131\u015fi\u015fleri ve Gurbet\u00e7iler Bakan\u0131 Velid el Muallim d\u00fcn d\u00fczenledi\u011fi bas\u0131n konferans\u0131nda Suriye heyetinin daha \u00f6nce ya\u015fanan hatalar\u0131n tekrarlanmas\u0131na izin vermeyece\u011fini &hellip;<\/p>\n","protected":false},"author":1,"featured_media":64697,"comment_status":"closed","ping_status":"closed","sticky":false,"template":"","format":"standard","meta":{"footnotes":""},"categories":[458,459,17988],"tags":[],"class_list":["post-64629","post","type-post","status-publish","format-standard","has-post-thumbnail","","category-dunya1","category-haberler-arap-uluslararasi-politika","category-son-haberler"],"_links":{"self":[{"href":"https:\/\/archive.sana.sy\/tr\/index.php?rest_route=\/wp\/v2\/posts\/64629","targetHints":{"allow":["GET"]}}],"collection":[{"href":"https:\/\/archive.sana.sy\/tr\/index.php?rest_route=\/wp\/v2\/posts"}],"about":[{"href":"https:\/\/archive.sana.sy\/tr\/index.php?rest_route=\/wp\/v2\/types\/post"}],"author":[{"embeddable":true,"href":"https:\/\/archive.sana.sy\/tr\/index.php?rest_route=\/wp\/v2\/users\/1"}],"replies":[{"embeddable":true,"href":"https:\/\/archive.sana.sy\/tr\/index.php?rest_route=%2Fwp%2Fv2%2Fcomments&post=64629"}],"version-history":[{"count":0,"href":"https:\/\/archive.sana.sy\/tr\/index.php?rest_route=\/wp\/v2\/posts\/64629\/revisions"}],"wp:featuredmedia":[{"embeddable":true,"href":"https:\/\/archive.sana.sy\/tr\/index.php?rest_route=\/wp\/v2\/media\/64697"}],"wp:attachment":[{"href":"https:\/\/archive.sana.sy\/tr\/index.php?rest_route=%2Fwp%2Fv2%2Fmedia&parent=64629"}],"wp:term":[{"taxonomy":"category","embeddable":true,"href":"https:\/\/archive.sana.sy\/tr\/index.php?rest_route=%2Fwp%2Fv2%2Fcategories&post=64629"},{"taxonomy":"post_tag","embeddable":true,"href":"https:\/\/archive.sana.sy\/tr\/index.php?rest_route=%2Fwp%2Fv2%2Ftags&post=64629"}],"curies":[{"name":"wp","href":"https:\/\/api.w.org\/{rel}","templated":true}]}}