{"id":64638,"date":"2016-03-13T15:46:22","date_gmt":"2016-03-13T13:46:22","guid":{"rendered":"http:\/\/www.sana.sy\/tr\/?p=64638"},"modified":"2016-03-13T15:46:22","modified_gmt":"2016-03-13T13:46:22","slug":"ic-ticaret-bakani-yardimcisi-samin-meydan-semtinde-carsi-pazarlara-saha-gezisinde-bulundu","status":"publish","type":"post","link":"https:\/\/archive.sana.sy\/tr\/?p=64638","title":{"rendered":"\u0130\u00e7 Ticaret Bakan\u0131 Yard\u0131mc\u0131s\u0131 \u015eam\u2019\u0131n Meydan Semtinde \u00e7ar\u015f\u0131 pazarlara saha gezisinde bulundu"},"content":{"rendered":"<p>\u0130\u00e7 Ticaret Bakan\u0131 Yard\u0131mc\u0131s\u0131 \u015eam\u2019\u0131n Meydan Semtinde \u00e7ar\u015f\u0131 pazarlara saha gezisinde bulundu<\/p>\n<p>https:\/\/www.youtube.com\/watch?v=K5o-wca_3pY<\/p>\n","protected":false},"excerpt":{"rendered":"<p>\u0130\u00e7 Ticaret Bakan\u0131 Yard\u0131mc\u0131s\u0131 \u015eam\u2019\u0131n Meydan Semtinde \u00e7ar\u015f\u0131 pazarlara saha gezisinde bulundu https:\/\/www.youtube.com\/watch?v=K5o-wca_3pY<\/p>\n","protected":false},"author":1,"featured_media":64640,"comment_status":"closed","ping_status":"closed","sticky":false,"template":"","format":"standard","meta":{"footnotes":""},"categories":[18295],"tags":[],"class_list":["post-64638","post","type-post","status-publish","format-standard","has-post-thumbnail","","category-sana-video"],"_links":{"self":[{"href":"https:\/\/archive.sana.sy\/tr\/index.php?rest_route=\/wp\/v2\/posts\/64638","targetHints":{"allow":["GET"]}}],"collection":[{"href":"https:\/\/archive.sana.sy\/tr\/index.php?rest_route=\/wp\/v2\/posts"}],"about":[{"href":"https:\/\/archive.sana.sy\/tr\/index.php?rest_route=\/wp\/v2\/types\/post"}],"author":[{"embeddable":true,"href":"https:\/\/archive.sana.sy\/tr\/index.php?rest_route=\/wp\/v2\/users\/1"}],"replies":[{"embeddable":true,"href":"https:\/\/archive.sana.sy\/tr\/index.php?rest_route=%2Fwp%2Fv2%2Fcomments&post=64638"}],"version-history":[{"count":0,"href":"https:\/\/archive.sana.sy\/tr\/index.php?rest_route=\/wp\/v2\/posts\/64638\/revisions"}],"wp:featuredmedia":[{"embeddable":true,"href":"https:\/\/archive.sana.sy\/tr\/index.php?rest_route=\/wp\/v2\/media\/64640"}],"wp:attachment":[{"href":"https:\/\/archive.sana.sy\/tr\/index.php?rest_route=%2Fwp%2Fv2%2Fmedia&parent=64638"}],"wp:term":[{"taxonomy":"category","embeddable":true,"href":"https:\/\/archive.sana.sy\/tr\/index.php?rest_route=%2Fwp%2Fv2%2Fcategories&post=64638"},{"taxonomy":"post_tag","embeddable":true,"href":"https:\/\/archive.sana.sy\/tr\/index.php?rest_route=%2Fwp%2Fv2%2Ftags&post=64638"}],"curies":[{"name":"wp","href":"https:\/\/api.w.org\/{rel}","templated":true}]}}