{"id":64646,"date":"2016-03-13T15:52:46","date_gmt":"2016-03-13T13:52:46","guid":{"rendered":"http:\/\/www.sana.sy\/tr\/?p=64646"},"modified":"2016-03-13T15:50:34","modified_gmt":"2016-03-13T13:50:34","slug":"sananin-deyrezzor-muhabiri-isid-tekfircilerinin-kentin-sivil-yerlesim-alanlarindan-cura-ve-kusur-semtlerini-gelisiguzel-fuze-saldirilariyla-hedef-almalari-sonucunda-2-kadinin-sehit-aralarind","status":"publish","type":"post","link":"https:\/\/archive.sana.sy\/tr\/?p=64646","title":{"rendered":"SANA\u2019n\u0131n Deyrezzor muhabiri I\u015e\u0130D tekfircilerinin kentin sivil yerle\u015fim alanlar\u0131ndan Cura ve Kusur semtlerini geli\u015fig\u00fczel f\u00fcze sald\u0131r\u0131lar\u0131yla hedef almalar\u0131 sonucunda 2 kad\u0131n\u0131n \u015fehit, aralar\u0131nda \u00e7ocuk ve kad\u0131nlar\u0131n bulundu\u011fu 13 vatanda\u015f\u0131n yaral\u0131 d\u00fc\u015ft\u00fcklerini belirtti"},"content":{"rendered":"<p>SANA\u2019n\u0131n Deyrezzor muhabiri I\u015e\u0130D tekfircilerinin kentin sivil yerle\u015fim alanlar\u0131ndan Cura ve Kusur semtlerini geli\u015fig\u00fczel f\u00fcze sald\u0131r\u0131lar\u0131yla hedef almalar\u0131 sonucunda 2 kad\u0131n\u0131n \u015fehit, aralar\u0131nda \u00e7ocuk ve kad\u0131nlar\u0131n bulundu\u011fu 13 vatanda\u015f\u0131n yaral\u0131 d\u00fc\u015ft\u00fcklerini belirtti<\/p>\n","protected":false},"excerpt":{"rendered":"<p>SANA\u2019n\u0131n Deyrezzor muhabiri I\u015e\u0130D tekfircilerinin kentin sivil yerle\u015fim alanlar\u0131ndan Cura ve Kusur semtlerini geli\u015fig\u00fczel f\u00fcze sald\u0131r\u0131lar\u0131yla hedef almalar\u0131 sonucunda 2 kad\u0131n\u0131n \u015fehit, aralar\u0131nda \u00e7ocuk ve kad\u0131nlar\u0131n bulundu\u011fu 13 vatanda\u015f\u0131n yaral\u0131 d\u00fc\u015ft\u00fcklerini belirtti<\/p>\n","protected":false},"author":1,"featured_media":0,"comment_status":"closed","ping_status":"closed","sticky":false,"template":"","format":"standard","meta":{"footnotes":""},"categories":[17991],"tags":[],"class_list":["post-64646","post","type-post","status-publish","format-standard","","category-son-dakika"],"_links":{"self":[{"href":"https:\/\/archive.sana.sy\/tr\/index.php?rest_route=\/wp\/v2\/posts\/64646","targetHints":{"allow":["GET"]}}],"collection":[{"href":"https:\/\/archive.sana.sy\/tr\/index.php?rest_route=\/wp\/v2\/posts"}],"about":[{"href":"https:\/\/archive.sana.sy\/tr\/index.php?rest_route=\/wp\/v2\/types\/post"}],"author":[{"embeddable":true,"href":"https:\/\/archive.sana.sy\/tr\/index.php?rest_route=\/wp\/v2\/users\/1"}],"replies":[{"embeddable":true,"href":"https:\/\/archive.sana.sy\/tr\/index.php?rest_route=%2Fwp%2Fv2%2Fcomments&post=64646"}],"version-history":[{"count":0,"href":"https:\/\/archive.sana.sy\/tr\/index.php?rest_route=\/wp\/v2\/posts\/64646\/revisions"}],"wp:attachment":[{"href":"https:\/\/archive.sana.sy\/tr\/index.php?rest_route=%2Fwp%2Fv2%2Fmedia&parent=64646"}],"wp:term":[{"taxonomy":"category","embeddable":true,"href":"https:\/\/archive.sana.sy\/tr\/index.php?rest_route=%2Fwp%2Fv2%2Fcategories&post=64646"},{"taxonomy":"post_tag","embeddable":true,"href":"https:\/\/archive.sana.sy\/tr\/index.php?rest_route=%2Fwp%2Fv2%2Ftags&post=64646"}],"curies":[{"name":"wp","href":"https:\/\/api.w.org\/{rel}","templated":true}]}}