{"id":6469,"date":"2014-08-04T17:30:23","date_gmt":"2014-08-04T14:30:23","guid":{"rendered":"http:\/\/www.sana.sy\/tr\/?p=6469"},"modified":"2014-08-05T16:04:56","modified_gmt":"2014-08-05T13:04:56","slug":"suriye-terorle-mucadelesinde-lubnan-ordusunun-yanindadir","status":"publish","type":"post","link":"https:\/\/archive.sana.sy\/tr\/?p=6469","title":{"rendered":"Suriye, Ter\u00f6rle M\u00fccadelesinde L\u00fcbnan Ordusunun Yan\u0131ndad\u0131r"},"content":{"rendered":"<p>\u015eAM \u2013 D\u0131\u015fi\u015fleri ve Gurbet\u00e7iler Bakanl\u0131\u011f\u0131nda yetkili bir kaynak Suriye Arap Cumhuriyetinin, L\u00fcbnan ordusunun daha \u00f6nceden planlanan ve \u2018Irak ve \u015eam \u0130slami Devleti\u2019 gibi Kaide \u00d6rg\u00fct\u00fcn\u00fcn kollar\u0131n\u0131n ba\u015f\u0131nda oldu\u011fu ter\u00f6r gruplar\u0131 arac\u0131l\u0131\u011f\u0131 ile maruz kald\u0131\u011f\u0131 sald\u0131r\u0131lar\u0131 k\u0131nad\u0131\u011f\u0131n\u0131 belirtti.<\/p>\n<p>Kaynak bug\u00fcn yay\u0131nlad\u0131\u011f\u0131 ve SANA\u2019n\u0131n bir n\u00fcshas\u0131n\u0131 ald\u0131\u011f\u0131 D\u0131\u015fi\u015fleri Bakanl\u0131\u011f\u0131 beyan\u0131nda; L\u00fcbnan&#8217;\u0131n Ersal B\u00f6lgesi ve civar\u0131ndaki da\u011fl\u0131k arazilerde L\u00fcbnan ordusu ve sivillerin tan\u0131k olduklar\u0131 sald\u0131r\u0131lar\u0131n tekfirci ter\u00f6re kar\u015f\u0131 m\u00fccadelesinde L\u00fcbnan ordusuna deste\u011fi ve onunla ayn\u0131 safta yer almay\u0131 gerektirdi\u011fini belirtti.<\/p>\n<p>Suriye Arap Cumhuriyetinin ter\u00f6r gruplar\u0131na kar\u015f\u0131 koyma ve onlar\u0131 bertaraf etmede L\u00fcbnan ordusunun yan\u0131nda oldu\u011funu ve onunla dayan\u0131\u015fma i\u00e7inde oldu\u011funun belirtildi\u011fi beyanda; Suriye&#8217;nin ayn\u0131 zamanda karde\u015f L\u00fcbnan&#8217;\u0131n ter\u00f6re kar\u015f\u0131 zafer sa\u011flama ve g\u00fcvenlik istikrar\u0131n\u0131n sabote edilmesini hedefleyen planlar\u0131 \u00e7\u00f6kertece\u011fine tam inanc\u0131n\u0131 ifade etti.<\/p>\n<p>Beyanda Suriye&#8217;nin daha \u00f6nce bir\u00e7ok kez d\u0131\u015f destekli ter\u00f6r\u00fcn ne din ne de s\u0131n\u0131r tan\u0131mad\u0131\u011f\u0131na dikkat \u00e7ekip bunun tehlikesinden uyard\u0131\u011f\u0131na dikkat \u00e7eken kaynak; bu ter\u00f6re kar\u015f\u0131 koyulmamas\u0131 ve kaynaklar\u0131n\u0131n kurutulmamas\u0131 halinde t\u00fcm b\u00f6lge ve \u00f6tesine yay\u0131lma tehlikesinden uyard\u0131\u011f\u0131n\u0131 belirtti. Kaynak Uluslararas\u0131 G\u00fcvenlik Konseyinin ter\u00f6rle m\u00fccadelede ilgili kararlar\u0131 gere\u011fince s\u00f6z konusu ter\u00f6r \u00e7etelerine askeri, mali, lojistik, e\u011fitim ve bar\u0131nak destekleri temin eden ve art\u0131k herkes taraf\u0131ndan bilinen devletlerin t\u00fcm bu desteklerini kesmelerine zorlanmalar\u0131 gere\u011finin alt\u0131n\u0131 \u00e7izdi.<\/p>\n<p>Suriye, L\u00fcbnan ve Irak\u2019\u0131n maruz kald\u0131\u011f\u0131 ter\u00f6re kar\u015f\u0131 koymay\u0131 t\u00fcm b\u00f6lgenin g\u00fcvenlik ve istikrar\u0131n\u0131 savunma niteli\u011finde varsayan Suriye Arap Cumhuriyetinin ter\u00f6re kar\u015f\u0131 m\u00fccadelesini amans\u0131z ve aral\u0131ks\u0131z s\u00fcrd\u00fcrme azminde oldu\u011funa vurgu yapan kaynak; Suriye&#8217;nin bu ba\u011flamda ordusu ve y\u00f6netimi etraf\u0131ndan kenetle\u015fen ve ter\u00f6re kar\u015f\u0131 kahramanca m\u00fccadele veren \u015fanl\u0131 ordusuna g\u00fcvendi\u011fini kaydetti.<\/p>\n","protected":false},"excerpt":{"rendered":"<p>\u015eAM \u2013 D\u0131\u015fi\u015fleri ve Gurbet\u00e7iler Bakanl\u0131\u011f\u0131nda yetkili bir kaynak Suriye Arap Cumhuriyetinin, L\u00fcbnan ordusunun daha \u00f6nceden planlanan ve \u2018Irak ve \u015eam \u0130slami Devleti\u2019 gibi Kaide \u00d6rg\u00fct\u00fcn\u00fcn kollar\u0131n\u0131n ba\u015f\u0131nda oldu\u011fu ter\u00f6r gruplar\u0131 arac\u0131l\u0131\u011f\u0131 ile maruz kald\u0131\u011f\u0131 sald\u0131r\u0131lar\u0131 k\u0131nad\u0131\u011f\u0131n\u0131 belirtti. Kaynak bug\u00fcn yay\u0131nlad\u0131\u011f\u0131 ve SANA\u2019n\u0131n bir n\u00fcshas\u0131n\u0131 ald\u0131\u011f\u0131 D\u0131\u015fi\u015fleri Bakanl\u0131\u011f\u0131 beyan\u0131nda; L\u00fcbnan&#8217;\u0131n Ersal B\u00f6lgesi ve civar\u0131ndaki da\u011fl\u0131k &hellip;<\/p>\n","protected":false},"author":1,"featured_media":6470,"comment_status":"closed","ping_status":"closed","sticky":false,"template":"","format":"standard","meta":{"footnotes":""},"categories":[479,447,478],"tags":[16591,1440],"class_list":["post-6469","post","type-post","status-publish","format-standard","has-post-thumbnail","","category-haberler-yerel","category-politika","category-yerel","tag-suriye","tag-terorle-mucadelesinde-lubnan-ordusunun-yanindadir"],"_links":{"self":[{"href":"https:\/\/archive.sana.sy\/tr\/index.php?rest_route=\/wp\/v2\/posts\/6469","targetHints":{"allow":["GET"]}}],"collection":[{"href":"https:\/\/archive.sana.sy\/tr\/index.php?rest_route=\/wp\/v2\/posts"}],"about":[{"href":"https:\/\/archive.sana.sy\/tr\/index.php?rest_route=\/wp\/v2\/types\/post"}],"author":[{"embeddable":true,"href":"https:\/\/archive.sana.sy\/tr\/index.php?rest_route=\/wp\/v2\/users\/1"}],"replies":[{"embeddable":true,"href":"https:\/\/archive.sana.sy\/tr\/index.php?rest_route=%2Fwp%2Fv2%2Fcomments&post=6469"}],"version-history":[{"count":0,"href":"https:\/\/archive.sana.sy\/tr\/index.php?rest_route=\/wp\/v2\/posts\/6469\/revisions"}],"wp:featuredmedia":[{"embeddable":true,"href":"https:\/\/archive.sana.sy\/tr\/index.php?rest_route=\/wp\/v2\/media\/6470"}],"wp:attachment":[{"href":"https:\/\/archive.sana.sy\/tr\/index.php?rest_route=%2Fwp%2Fv2%2Fmedia&parent=6469"}],"wp:term":[{"taxonomy":"category","embeddable":true,"href":"https:\/\/archive.sana.sy\/tr\/index.php?rest_route=%2Fwp%2Fv2%2Fcategories&post=6469"},{"taxonomy":"post_tag","embeddable":true,"href":"https:\/\/archive.sana.sy\/tr\/index.php?rest_route=%2Fwp%2Fv2%2Ftags&post=6469"}],"curies":[{"name":"wp","href":"https:\/\/api.w.org\/{rel}","templated":true}]}}