{"id":64698,"date":"2016-03-13T11:00:14","date_gmt":"2016-03-13T09:00:14","guid":{"rendered":"http:\/\/www.sana.sy\/tr\/?p=64698"},"modified":"2016-03-14T12:33:57","modified_gmt":"2016-03-14T10:33:57","slug":"isidin-yenilgisi-yakindir","status":"publish","type":"post","link":"https:\/\/archive.sana.sy\/tr\/?p=64698","title":{"rendered":"I\u015e\u0130D\u2019in Yenilgisi Yak\u0131nd\u0131r"},"content":{"rendered":"<p>MOSKOVA \u2013 Rusya D\u0131\u015fi\u015fleri Bakan\u0131 Sergey Lavrov Moskova&#8217;n\u0131n Suriye&#8217;nin egemenli\u011fini ihlal etmeyece\u011fi ya da i\u00e7i\u015flerine m\u00fcdahalede bulunmayaca\u011f\u0131na g\u00fcveni nedeniyle Suriye h\u00fck\u00fcmetinin Rusya ile ortak koordinasyonu destekledi\u011fini belirtti.<\/p>\n<p>Lavrov Rus Rain Tv Kanal\u0131na yapt\u0131\u011f\u0131 a\u00e7\u0131klamada; ABD komutas\u0131ndaki uluslararas\u0131 koalisyon devletleriyle Suriye&#8217;de kas\u0131tl\u0131 ya da kas\u0131ts\u0131z istenmeyen herhangi bir u\u00e7ak kazas\u0131n\u0131n \u00f6nlenmesi amac\u0131yla birlikte Suriye&#8217;de \u00e7at\u0131\u015fmalar\u0131 durdurma anla\u015fmas\u0131 ve insani yard\u0131mlar\u0131n muhtelif b\u00f6lgelere ula\u015ft\u0131r\u0131lmas\u0131 konusunda Rusya ve ABD aras\u0131nda yap\u0131lan koordinasyon ard\u0131ndan Suriye h\u00fck\u00fcmetinin var\u0131lan anla\u015fmalar\u0131 destekledi\u011fine dikkat \u00e7ekti.<\/p>\n<p>Lavrov Rusya&#8217;n\u0131n Suriye&#8217;nin i\u00e7i\u015flerine m\u00fcdahale etmesi ya da egemenli\u011fini ihlal etmesinin m\u00fcmk\u00fcn olmad\u0131\u011f\u0131n\u0131, Suriye&#8217;nin de bunu iyi bilmesiyle Rusya&#8217;ya g\u00fcvendi\u011fini s\u00f6yledi.<\/p>\n<p>Rus hava g\u00fc\u00e7lerinin Suriye&#8217;de Suriye me\u015fru h\u00fck\u00fcmetin resmi talebi \u00fczerine operasyonlarda bulunan tek yabanc\u0131 g\u00fc\u00e7ler oldu\u011funu belirten Lavrov; ABD ve komutas\u0131ndaki koalisyon g\u00fc\u00e7leri dahil geriye kalan t\u00fcm devletlerin Suriye&#8217;de herhangi bir me\u015fruluklar\u0131 olmad\u0131\u011f\u0131n\u0131n alt\u0131n\u0131 \u00e7izdi. Lavrov ABD ve koalisyon g\u00fc\u00e7lerinin Suriye&#8217;deki operasyonlar\u0131n\u0131n ne Suriye&#8217;deki me\u015fru y\u00f6netim ne de BMGK taraf\u0131ndan hi\u00e7bir \u015fekilde onaylanmad\u0131\u011f\u0131na vurgu yapt\u0131.<\/p>\n<p>Rusya D\u0131\u015fi\u015fleri Bakan\u0131 Lavrov I\u015e\u0130D\u2019in yak\u0131n s\u00fcre i\u00e7inde Suriye ve Irak\u2019ta hezimete u\u011frat\u0131laca\u011f\u0131n\u0131 belirtti.<\/p>\n<p>T\u00fcrkiye&#8217;de Erdo\u011fan rejiminin Suriye s\u0131n\u0131rlar\u0131na ili\u015fkin a\u00e7\u0131klama ve planlar\u0131n\u0131 ele\u015ftiren Lavrov; Rusya&#8217;n\u0131n Suriye h\u00fck\u00fcmetinin onay ve izni olmaks\u0131z\u0131n Suriye s\u0131n\u0131rlar\u0131 dahilinde herhangi bir ad\u0131m\u0131n Moskova taraf\u0131ndan kesinlikle kabul edilemez oldu\u011funun alt\u0131n\u0131 \u00e7izdi. Lavrov T\u00fcrkiye rejiminin Suriye&#8217;deki ad\u0131mlar\u0131n\u0131 \u2018s\u00fcr\u00fcngen ad\u0131mlar\u2019 olarak nitelendirdi. T\u00fcrkiye rejiminin \u2018I\u015e\u0130D\u2019e kar\u015f\u0131 sava\u015fan K\u00fcrtlerin Suriye&#8217;nin kuzey s\u0131n\u0131r b\u00f6lgesinde istikrara kavu\u015fmalar\u0131na \u00ce\u015e\u0130D\u2019e kar\u015f\u0131 zafer pahas\u0131na olsa bile izin vermeyeceklerini\u2019 apa\u00e7\u0131k ifade ettiklerine dikkat \u00e7eken Lavrov; buna istinaden K\u00fcrtlerin Cenevre g\u00f6r\u00fc\u015fmelerinde temsil olmalar\u0131n\u0131n gerekli oldu\u011funu belirtti.<\/p>\n","protected":false},"excerpt":{"rendered":"<p>MOSKOVA \u2013 Rusya D\u0131\u015fi\u015fleri Bakan\u0131 Sergey Lavrov Moskova&#8217;n\u0131n Suriye&#8217;nin egemenli\u011fini ihlal etmeyece\u011fi ya da i\u00e7i\u015flerine m\u00fcdahalede bulunmayaca\u011f\u0131na g\u00fcveni nedeniyle Suriye h\u00fck\u00fcmetinin Rusya ile ortak koordinasyonu destekledi\u011fini belirtti. Lavrov Rus Rain Tv Kanal\u0131na yapt\u0131\u011f\u0131 a\u00e7\u0131klamada; ABD komutas\u0131ndaki uluslararas\u0131 koalisyon devletleriyle Suriye&#8217;de kas\u0131tl\u0131 ya da kas\u0131ts\u0131z istenmeyen herhangi bir u\u00e7ak kazas\u0131n\u0131n \u00f6nlenmesi amac\u0131yla birlikte Suriye&#8217;de \u00e7at\u0131\u015fmalar\u0131 durdurma &hellip;<\/p>\n","protected":false},"author":1,"featured_media":64699,"comment_status":"closed","ping_status":"closed","sticky":false,"template":"","format":"standard","meta":{"footnotes":""},"categories":[458,459,17988],"tags":[10651],"class_list":["post-64698","post","type-post","status-publish","format-standard","has-post-thumbnail","","category-dunya1","category-haberler-arap-uluslararasi-politika","category-son-haberler","tag-rusya-disisleri-bakani-sergey-lavrov"],"_links":{"self":[{"href":"https:\/\/archive.sana.sy\/tr\/index.php?rest_route=\/wp\/v2\/posts\/64698","targetHints":{"allow":["GET"]}}],"collection":[{"href":"https:\/\/archive.sana.sy\/tr\/index.php?rest_route=\/wp\/v2\/posts"}],"about":[{"href":"https:\/\/archive.sana.sy\/tr\/index.php?rest_route=\/wp\/v2\/types\/post"}],"author":[{"embeddable":true,"href":"https:\/\/archive.sana.sy\/tr\/index.php?rest_route=\/wp\/v2\/users\/1"}],"replies":[{"embeddable":true,"href":"https:\/\/archive.sana.sy\/tr\/index.php?rest_route=%2Fwp%2Fv2%2Fcomments&post=64698"}],"version-history":[{"count":0,"href":"https:\/\/archive.sana.sy\/tr\/index.php?rest_route=\/wp\/v2\/posts\/64698\/revisions"}],"wp:featuredmedia":[{"embeddable":true,"href":"https:\/\/archive.sana.sy\/tr\/index.php?rest_route=\/wp\/v2\/media\/64699"}],"wp:attachment":[{"href":"https:\/\/archive.sana.sy\/tr\/index.php?rest_route=%2Fwp%2Fv2%2Fmedia&parent=64698"}],"wp:term":[{"taxonomy":"category","embeddable":true,"href":"https:\/\/archive.sana.sy\/tr\/index.php?rest_route=%2Fwp%2Fv2%2Fcategories&post=64698"},{"taxonomy":"post_tag","embeddable":true,"href":"https:\/\/archive.sana.sy\/tr\/index.php?rest_route=%2Fwp%2Fv2%2Ftags&post=64698"}],"curies":[{"name":"wp","href":"https:\/\/api.w.org\/{rel}","templated":true}]}}