{"id":6472,"date":"2014-08-05T09:47:27","date_gmt":"2014-08-05T06:47:27","guid":{"rendered":"http:\/\/www.sana.sy\/tr\/?p=6472"},"modified":"2014-08-05T13:03:44","modified_gmt":"2014-08-05T10:03:44","slug":"onlarca-terorist-arac-ve-yuvalariyla-etkisiz-hale-getirildi","status":"publish","type":"post","link":"https:\/\/archive.sana.sy\/tr\/?p=6472","title":{"rendered":"Onlarca Ter\u00f6rist Ara\u00e7 ve Yuvalar\u0131yla Etkisiz Hale Getirildi"},"content":{"rendered":"<p>\u0130LLER \u2013 Ordu ve Silahl\u0131 Kuvvetlerimize ba\u011fl\u0131 kahraman ordu birliklerimizin hain ve gaddar kiral\u0131k ter\u00f6ristlere y\u00f6nelik ba\u015far\u0131l\u0131 operasyonlar\u0131n\u0131 bir \u00e7ok b\u00f6lgede s\u00fcrd\u00fcr\u00fcrken ter\u00f6ristlerin a\u011f\u0131r kay\u0131plar\u0131 s\u00fcr\u00fcyor.<\/p>\n<p><span style=\"color: #0000ff\">\u015eam K\u0131rsal\u0131nda Ter\u00f6ristlerin A\u011f\u0131r Kay\u0131plar\u0131 S\u00fcr\u00fcyor<\/span><\/p>\n<p>Askeri kaynak, kahraman ordu birliklerimizin \u015eam K\u0131rsal\u0131 Han el \u015eih\u2019te D\u00f6rt Mevsim ve el Be\u015fir Caddeleriyle Nestle Fabrikas\u0131 yak\u0131nlar\u0131nda \u00e7ok say\u0131da ter\u00f6risti \u00f6l\u00fc ve yaral\u0131 d\u00fc\u015f\u00fcrd\u00fcklerini s\u00f6yledi.<\/p>\n<p><span style=\"color: #0000ff\">Halep\u2019te Ter\u00f6r H\u00fccrelerine Y\u00f6nelik Operasyonlar\u0131n\u0131 Ba\u015far\u0131yla S\u00fcrd\u00fcrd\u00fc<\/span><\/p>\n<p>Halep ve k\u0131rsal\u0131nda silahl\u0131 ter\u00f6r gruplar\u0131na y\u00f6nelik ba\u015far\u0131l\u0131 operasyonlar\u0131n\u0131 s\u00fcrd\u00fcren kahraman birliklerimiz bir\u00e7ok k\u00fcmelenme yerlerini muhtevalar\u0131yla tahrip etti.<\/p>\n<p>Askeri kaynak a\u00e7\u0131klamas\u0131nda, ordu birliklerimizin Hanano, Maarrat Artik ve Handarat\u2019da ter\u00f6ristlerin 9 ara\u00e7lar\u0131n\u0131 Anadan\u2019da ise ter\u00f6ristlere ait \u00e7ok say\u0131da ara\u00e7lar\u0131n\u0131 tamamen etkisiz hale getirdiklerini s\u00f6yledi.<\/p>\n<p>Kaynak, birliklerimizin Meslemiye, S\u00fckkeri , Cabiriye, Kask\u0131s, Kuveyris, Ba\u015fkatin, Mansura, Han Tuman, Karas\u0131 ve Vudayhi\u2019de ter\u00f6ristlerin toplanma yer ve h\u00fccrelerini hedef almas\u0131 sonucunda \u00e7ok say\u0131da ter\u00f6risti \u00f6l\u00fc ve yaral\u0131 d\u00fcrerek su\u00e7 edatlar\u0131n\u0131 da imha etti.<\/p>\n<p><span style=\"color: #0000ff\">Dera K\u0131rsal\u0131nda \u00c7ok Say\u0131da Ter\u00f6rist \u00d6ld\u00fcr\u00fcld\u00fc<\/span><\/p>\n<p>Askeri kaynak, ordu birliklerimizin Dera k\u0131rsal\u0131n\u0131n Semlin Beldesi bat\u0131s\u0131ndaki Abu Atman Mezraas\u0131, Lucat b\u00f6lgesi Cedel K\u00f6y\u00fc, Tel el H\u0131d\u0131r\u2019\u0131n \u00e7evresi ve Busr el \u015eam kentinde silahl\u0131 ter\u00f6rist gruplar\u0131n\u0131n toplanma yerlerini hedef almas\u0131 sonucunda \u00e7ok say\u0131da ter\u00f6risti \u00f6l\u00fc ve yaral\u0131 d\u00fc\u015f\u00fcrd\u00fcklerini belirtti.<\/p>\n<p>Dera k\u0131rsal\u0131n\u0131n Etman Beldesi kenarlar\u0131, Enh\u0131l Beldesi civar\u0131, Hrab el \u015eahm \u2013 Yaduda karayolu, Mtavvak Tepesi, el Serya ve el Fakii b\u00f6lgelerinde ter\u00f6ristlerin yuvalanma yerleri ve karargahlar\u0131n\u0131 muhtevalar\u0131yla tahrip ederken, onlarca ter\u00f6risti \u00f6l\u00fc yaral\u0131 d\u00fc\u015f\u00fcrd\u00fc.<\/p>\n<p>Askeri kaynak ordu birliklerimizin Dera k\u0131rsal\u0131n\u0131n \u015eeyh Meskin, Berka ve Enhil b\u00f6lgelerinde ter\u00f6r yuvalar\u0131n\u0131 ve karargahlar\u0131n\u0131 hedef ald\u0131\u011f\u0131 operasyonlarda onlarca ter\u00f6risti \u00f6l\u00fc yaral\u0131 d\u00fc\u015f\u00fcrd\u00fc\u011f\u00fcn\u00fc belirtti.<\/p>\n<p><span style=\"color: #0000ff\">\u0130dlib K\u0131rsal\u0131nda Ter\u00f6r Grubu T\u00fcm \u00dcyeleriyle Etkisiz Olarak Ele Ge\u00e7irildi<\/span><\/p>\n<p>Askeri kaynak ordu birliklerimizin \u0130dlib k\u0131rsal\u0131n\u0131n Kersaya B\u00f6lgesinde Gazel Tepesi kenarlar\u0131nda bir ter\u00f6r grubunun t\u00fcm \u00fcyelerini silah ve ara\u00e7lar\u0131yla etkisiz olarak ele ge\u00e7irdiklerini aktard\u0131.<\/p>\n<p>Vatan koruyucular\u0131 ordu birliklerimiz \u0130dlib k\u0131rsal\u0131n\u0131n Kmeynas, Serakib ve Cebel el Arbain civar\u0131nda aralar\u0131nda yabanc\u0131lar\u0131n bulundu\u011fu \u00e7ok say\u0131da ter\u00f6risti ara\u00e7 ve cephaneleriyle birlikte etkisiz hale getirdi.<\/p>\n<p>Yine \u0130dlib k\u0131rsal\u0131n\u0131n Musteriha Beldesi yak\u0131nlar\u0131, Tel el Lavz ve Ebu el Zuhur Havaliman\u0131n\u0131n kuzeyinde ter\u00f6ristleri hedef al\u0131rken, onlarcas\u0131n\u0131 \u00f6l\u00fc yaral\u0131 d\u00fc\u015f\u00fcrd\u00fc, bir\u00e7ok ara\u00e7lar\u0131n\u0131 da imha etti.<\/p>\n<p><span style=\"color: #0000ff\">Hama K\u0131rsal\u0131nda Az\u0131l\u0131 Eleba\u015flar\u0131 \u00d6ld\u00fcr\u00fcld\u00fc<\/span><\/p>\n<p>Askeri kaynak ordu birliklerimizin Hama k\u0131rsal\u0131n\u0131n Hama \u2013 Mharde karayolu \u00fczerinde \u015eiyr ile Mecdel b\u00f6lgeleri aras\u0131nda askeri noktalara sald\u0131r\u0131 giri\u015fiminde bulunan ter\u00f6r \u00e7etelerini a\u011f\u0131r kay\u0131plarla geri p\u00fcsk\u00fcrtt\u00fcklerini belirtti.<\/p>\n<p>Kaynak \u00f6ld\u00fcr\u00fclen ter\u00f6ristlerin aras\u0131nda \u2018el Mustafa Kalkan\u0131 Taburu\u2019 ad\u0131yla bilinen ter\u00f6r \u00e7etelerinin az\u0131l\u0131 eleba\u015f\u0131 \u2018Ebu Feride\u2019 kod adl\u0131 ter\u00f6ristin yer ald\u0131\u011f\u0131 onlarca ter\u00f6ristin \u00f6l\u00fc yaral\u0131 ele ge\u00e7irildiklerini, kulland\u0131klar\u0131 z\u0131rhl\u0131 bir ara\u00e7 ve bir topun imha edildi\u011fini aktard\u0131.<\/p>\n<p><span style=\"color: #0000ff\">Kunaytra K\u0131rsal\u0131nda Bir\u00e7ok Ter\u00f6rist \u00d6ld\u00fcr\u00fcld\u00fc<\/span><\/p>\n<p>Vatan koruyucular\u0131m\u0131z Kunaytra k\u0131rsal\u0131n\u0131n Hazraciye K\u00f6y\u00fc ve Deyr Makir civar\u0131nda ter\u00f6r gruplar\u0131yla s\u0131cak temasa girdi.<\/p>\n<p>Askeri kaynak operasyonda bir\u00e7ok ter\u00f6ristin silahlar\u0131yla birlikte etkisiz olarak ele ge\u00e7irildiklerini ifade etti.<\/p>\n<p><span style=\"color: #0000ff\">Homs K\u0131rsal\u0131nda G\u00fcvenli B\u00f6lgelere S\u0131zma Giri\u015fimleri \u00c7\u00f6kertildi<\/span><\/p>\n<p>Ordu birliklerimiz Homs k\u0131rsal\u0131n\u0131n Ink el Hava ve Rhum k\u00f6ylerinden Mekser el H\u0131san K\u00f6y\u00fc y\u00f6n\u00fcnde s\u0131zma ve sald\u0131r\u0131larda bulunmaya \u00e7al\u0131\u015fan ter\u00f6r \u00e7etelerine kar\u015f\u0131 koydu. \u00c7at\u0131\u015fmada sald\u0131rgan ter\u00f6r \u00e7eteleri say\u0131 ve te\u00e7hizatlar\u0131yla a\u011f\u0131r kay\u0131plara u\u011frat\u0131ld\u0131lar.<\/p>\n<p>Homs k\u0131rsal\u0131n\u0131n Mran K\u00f6y\u00fc, el K\u00f6vz Da\u011f\u0131, Semalil, Ayn H\u00fcseyin ve Zafaraniye b\u00f6lgelerinde ter\u00f6ristlere y\u00f6nelik operasyonlar\u0131n\u0131 s\u00fcrd\u00fcren ordu birliklerimiz onlarca ter\u00f6risti su\u00e7 edatlar\u0131yla birlikte etkisiz hale getirdi.<\/p>\n","protected":false},"excerpt":{"rendered":"<p>\u0130LLER \u2013 Ordu ve Silahl\u0131 Kuvvetlerimize ba\u011fl\u0131 kahraman ordu birliklerimizin hain ve gaddar kiral\u0131k ter\u00f6ristlere y\u00f6nelik ba\u015far\u0131l\u0131 operasyonlar\u0131n\u0131 bir \u00e7ok b\u00f6lgede s\u00fcrd\u00fcr\u00fcrken ter\u00f6ristlerin a\u011f\u0131r kay\u0131plar\u0131 s\u00fcr\u00fcyor. \u015eam K\u0131rsal\u0131nda Ter\u00f6ristlerin A\u011f\u0131r Kay\u0131plar\u0131 S\u00fcr\u00fcyor Askeri kaynak, kahraman ordu birliklerimizin \u015eam K\u0131rsal\u0131 Han el \u015eih\u2019te D\u00f6rt Mevsim ve el Be\u015fir Caddeleriyle Nestle Fabrikas\u0131 yak\u0131nlar\u0131nda \u00e7ok say\u0131da ter\u00f6risti \u00f6l\u00fc &hellip;<\/p>\n","protected":false},"author":1,"featured_media":6473,"comment_status":"closed","ping_status":"closed","sticky":false,"template":"","format":"standard","meta":{"footnotes":""},"categories":[575],"tags":[1441],"class_list":["post-6472","post","type-post","status-publish","format-standard","has-post-thumbnail","","category-olaylar-ve-gercekler","tag-onlarca-terorist-arac-ve-yuvalariyla-etkisiz-hale-getirildi"],"_links":{"self":[{"href":"https:\/\/archive.sana.sy\/tr\/index.php?rest_route=\/wp\/v2\/posts\/6472","targetHints":{"allow":["GET"]}}],"collection":[{"href":"https:\/\/archive.sana.sy\/tr\/index.php?rest_route=\/wp\/v2\/posts"}],"about":[{"href":"https:\/\/archive.sana.sy\/tr\/index.php?rest_route=\/wp\/v2\/types\/post"}],"author":[{"embeddable":true,"href":"https:\/\/archive.sana.sy\/tr\/index.php?rest_route=\/wp\/v2\/users\/1"}],"replies":[{"embeddable":true,"href":"https:\/\/archive.sana.sy\/tr\/index.php?rest_route=%2Fwp%2Fv2%2Fcomments&post=6472"}],"version-history":[{"count":0,"href":"https:\/\/archive.sana.sy\/tr\/index.php?rest_route=\/wp\/v2\/posts\/6472\/revisions"}],"wp:featuredmedia":[{"embeddable":true,"href":"https:\/\/archive.sana.sy\/tr\/index.php?rest_route=\/wp\/v2\/media\/6473"}],"wp:attachment":[{"href":"https:\/\/archive.sana.sy\/tr\/index.php?rest_route=%2Fwp%2Fv2%2Fmedia&parent=6472"}],"wp:term":[{"taxonomy":"category","embeddable":true,"href":"https:\/\/archive.sana.sy\/tr\/index.php?rest_route=%2Fwp%2Fv2%2Fcategories&post=6472"},{"taxonomy":"post_tag","embeddable":true,"href":"https:\/\/archive.sana.sy\/tr\/index.php?rest_route=%2Fwp%2Fv2%2Ftags&post=6472"}],"curies":[{"name":"wp","href":"https:\/\/api.w.org\/{rel}","templated":true}]}}