{"id":64722,"date":"2016-03-13T12:55:56","date_gmt":"2016-03-13T10:55:56","guid":{"rendered":"http:\/\/www.sana.sy\/tr\/?p=64722"},"modified":"2016-03-13T19:43:42","modified_gmt":"2016-03-13T17:43:42","slug":"derada-basin-ekibine-saldirdilar","status":"publish","type":"post","link":"https:\/\/archive.sana.sy\/tr\/?p=64722","title":{"rendered":"Dera\u2019da Bas\u0131n Ekibine Sald\u0131rd\u0131lar"},"content":{"rendered":"<p>DERA \u2013 Dera\u2019da saha kaynaklar\u0131 ter\u00f6ristlerin bug\u00fcn \u00e7at\u0131\u015fmalar\u0131 durdurma anla\u015fmas\u0131na yeni bir ihlalle Dera k\u0131rsal\u0131nda bulunan Rusya Bug\u00fcn Kanal\u0131ndan bir bas\u0131n ekibine havan toplar\u0131yla sald\u0131rd\u0131klar\u0131n\u0131 belirtti.<\/p>\n<p>Kaynak SANA\u2019ya a\u00e7\u0131klamas\u0131nda hain ter\u00f6r sald\u0131r\u0131s\u0131nda bas\u0131n mensuplar\u0131ndan kimsenin yaralanmad\u0131\u011f\u0131n\u0131 s\u00f6yledi.<\/p>\n<p>Bu arada bu ay\u0131n ba\u015flar\u0131nda Erdo\u011fan rejimine tabi ter\u00f6ristler Lazkiye k\u0131rsal\u0131nda T\u00fcrkiye s\u0131n\u0131rlar\u0131na yak\u0131n Bdama B\u00f6lgesinden yabanc\u0131 gazetecilerin bulundu\u011fu bir bas\u0131n ekibine toplarla sald\u0131rm\u0131\u015f, sald\u0131r\u0131larda bir k\u0131s\u0131m yabanc\u0131 gazeteciler hafif yaralanm\u0131\u015flard\u0131.<\/p>\n","protected":false},"excerpt":{"rendered":"<p>DERA \u2013 Dera\u2019da saha kaynaklar\u0131 ter\u00f6ristlerin bug\u00fcn \u00e7at\u0131\u015fmalar\u0131 durdurma anla\u015fmas\u0131na yeni bir ihlalle Dera k\u0131rsal\u0131nda bulunan Rusya Bug\u00fcn Kanal\u0131ndan bir bas\u0131n ekibine havan toplar\u0131yla sald\u0131rd\u0131klar\u0131n\u0131 belirtti. Kaynak SANA\u2019ya a\u00e7\u0131klamas\u0131nda hain ter\u00f6r sald\u0131r\u0131s\u0131nda bas\u0131n mensuplar\u0131ndan kimsenin yaralanmad\u0131\u011f\u0131n\u0131 s\u00f6yledi. Bu arada bu ay\u0131n ba\u015flar\u0131nda Erdo\u011fan rejimine tabi ter\u00f6ristler Lazkiye k\u0131rsal\u0131nda T\u00fcrkiye s\u0131n\u0131rlar\u0131na yak\u0131n Bdama B\u00f6lgesinden yabanc\u0131 gazetecilerin &hellip;<\/p>\n","protected":false},"author":1,"featured_media":64723,"comment_status":"closed","ping_status":"closed","sticky":false,"template":"","format":"standard","meta":{"footnotes":""},"categories":[479,575,17988,478],"tags":[],"class_list":["post-64722","post","type-post","status-publish","format-standard","has-post-thumbnail","","category-haberler-yerel","category-olaylar-ve-gercekler","category-son-haberler","category-yerel"],"_links":{"self":[{"href":"https:\/\/archive.sana.sy\/tr\/index.php?rest_route=\/wp\/v2\/posts\/64722","targetHints":{"allow":["GET"]}}],"collection":[{"href":"https:\/\/archive.sana.sy\/tr\/index.php?rest_route=\/wp\/v2\/posts"}],"about":[{"href":"https:\/\/archive.sana.sy\/tr\/index.php?rest_route=\/wp\/v2\/types\/post"}],"author":[{"embeddable":true,"href":"https:\/\/archive.sana.sy\/tr\/index.php?rest_route=\/wp\/v2\/users\/1"}],"replies":[{"embeddable":true,"href":"https:\/\/archive.sana.sy\/tr\/index.php?rest_route=%2Fwp%2Fv2%2Fcomments&post=64722"}],"version-history":[{"count":0,"href":"https:\/\/archive.sana.sy\/tr\/index.php?rest_route=\/wp\/v2\/posts\/64722\/revisions"}],"wp:featuredmedia":[{"embeddable":true,"href":"https:\/\/archive.sana.sy\/tr\/index.php?rest_route=\/wp\/v2\/media\/64723"}],"wp:attachment":[{"href":"https:\/\/archive.sana.sy\/tr\/index.php?rest_route=%2Fwp%2Fv2%2Fmedia&parent=64722"}],"wp:term":[{"taxonomy":"category","embeddable":true,"href":"https:\/\/archive.sana.sy\/tr\/index.php?rest_route=%2Fwp%2Fv2%2Fcategories&post=64722"},{"taxonomy":"post_tag","embeddable":true,"href":"https:\/\/archive.sana.sy\/tr\/index.php?rest_route=%2Fwp%2Fv2%2Ftags&post=64722"}],"curies":[{"name":"wp","href":"https:\/\/api.w.org\/{rel}","templated":true}]}}