{"id":64729,"date":"2016-03-14T11:03:22","date_gmt":"2016-03-14T09:03:22","guid":{"rendered":"http:\/\/www.sana.sy\/tr\/?p=64729"},"modified":"2016-03-14T11:16:48","modified_gmt":"2016-03-14T09:16:48","slug":"bm-genel-sekreterinin-suriye-ozel-temsilcisi-staffan-de-mistura-suriyeliler-arasinda-cenevrede-baslamasi-beklenen-dolayli-diyalog-gorusmeleri-oncesinde-bir-basin-toplantisi-duzenliyor","status":"publish","type":"post","link":"https:\/\/archive.sana.sy\/tr\/?p=64729","title":{"rendered":"BM genel sekreterinin Suriye \u00f6zel temsilcisi Staffan de Mistura Suriyeliler aras\u0131nda Cenevre\u2019de ba\u015flamas\u0131 beklenen dolayl\u0131 diyalog g\u00f6r\u00fc\u015fmeleri \u00f6ncesinde bir bas\u0131n toplant\u0131s\u0131 d\u00fczenliyor"},"content":{"rendered":"<p>BM genel sekreterinin Suriye \u00f6zel temsilcisi Staffan de Mistura Suriyeliler aras\u0131nda Cenevre\u2019de ba\u015flamas\u0131 beklenen dolayl\u0131 diyalog g\u00f6r\u00fc\u015fmeleri \u00f6ncesinde bir bas\u0131n toplant\u0131s\u0131 d\u00fczenliyor<\/p>\n","protected":false},"excerpt":{"rendered":"<p>BM genel sekreterinin Suriye \u00f6zel temsilcisi Staffan de Mistura Suriyeliler aras\u0131nda Cenevre\u2019de ba\u015flamas\u0131 beklenen dolayl\u0131 diyalog g\u00f6r\u00fc\u015fmeleri \u00f6ncesinde bir bas\u0131n toplant\u0131s\u0131 d\u00fczenliyor<\/p>\n","protected":false},"author":1,"featured_media":0,"comment_status":"closed","ping_status":"closed","sticky":false,"template":"","format":"standard","meta":{"footnotes":""},"categories":[17991],"tags":[],"class_list":["post-64729","post","type-post","status-publish","format-standard","","category-son-dakika"],"_links":{"self":[{"href":"https:\/\/archive.sana.sy\/tr\/index.php?rest_route=\/wp\/v2\/posts\/64729","targetHints":{"allow":["GET"]}}],"collection":[{"href":"https:\/\/archive.sana.sy\/tr\/index.php?rest_route=\/wp\/v2\/posts"}],"about":[{"href":"https:\/\/archive.sana.sy\/tr\/index.php?rest_route=\/wp\/v2\/types\/post"}],"author":[{"embeddable":true,"href":"https:\/\/archive.sana.sy\/tr\/index.php?rest_route=\/wp\/v2\/users\/1"}],"replies":[{"embeddable":true,"href":"https:\/\/archive.sana.sy\/tr\/index.php?rest_route=%2Fwp%2Fv2%2Fcomments&post=64729"}],"version-history":[{"count":0,"href":"https:\/\/archive.sana.sy\/tr\/index.php?rest_route=\/wp\/v2\/posts\/64729\/revisions"}],"wp:attachment":[{"href":"https:\/\/archive.sana.sy\/tr\/index.php?rest_route=%2Fwp%2Fv2%2Fmedia&parent=64729"}],"wp:term":[{"taxonomy":"category","embeddable":true,"href":"https:\/\/archive.sana.sy\/tr\/index.php?rest_route=%2Fwp%2Fv2%2Fcategories&post=64729"},{"taxonomy":"post_tag","embeddable":true,"href":"https:\/\/archive.sana.sy\/tr\/index.php?rest_route=%2Fwp%2Fv2%2Ftags&post=64729"}],"curies":[{"name":"wp","href":"https:\/\/api.w.org\/{rel}","templated":true}]}}