{"id":64758,"date":"2016-03-14T11:42:55","date_gmt":"2016-03-14T09:42:55","guid":{"rendered":"http:\/\/www.sana.sy\/tr\/?p=64758"},"modified":"2016-03-14T11:50:22","modified_gmt":"2016-03-14T09:50:22","slug":"rusya-disisleri-bakani-sergey-lavrov-tunuslu-mevkidasi-ile-moskovada-duzenledigi-ortak-basin-toplantisinda-suriyeliler-arasinda-cenevrede-yapilacak-diyalog-gorusmelerinin-suriyeli-istisnas","status":"publish","type":"post","link":"https:\/\/archive.sana.sy\/tr\/?p=64758","title":{"rendered":"Rusya D\u0131\u015fi\u015fleri Bakan\u0131 Sergey Lavrov Tunuslu mevkida\u015f\u0131 ile Moskova\u2019da d\u00fczenledi\u011fi ortak bas\u0131n toplant\u0131s\u0131nda; Suriyeliler aras\u0131nda Cenevre&#8217;de yap\u0131lacak diyalog g\u00f6r\u00fc\u015fmelerinin Suriyeli istisnas\u0131z t\u00fcm siyasi g\u00fc\u00e7leri kapsamas\u0131 gerekti\u011finin alt\u0131n\u0131 \u00e7izdi"},"content":{"rendered":"<p>Rusya D\u0131\u015fi\u015fleri Bakan\u0131 Sergey Lavrov Tunuslu mevkida\u015f\u0131 ile Moskova\u2019da d\u00fczenledi\u011fi ortak bas\u0131n toplant\u0131s\u0131nda; Suriyeliler aras\u0131nda Cenevre&#8217;de yap\u0131lacak diyalog g\u00f6r\u00fc\u015fmelerinin Suriyeli istisnas\u0131z t\u00fcm siyasi g\u00fc\u00e7leri kapsamas\u0131 gerekti\u011finin alt\u0131n\u0131 \u00e7izdi<\/p>\n","protected":false},"excerpt":{"rendered":"<p>Rusya D\u0131\u015fi\u015fleri Bakan\u0131 Sergey Lavrov Tunuslu mevkida\u015f\u0131 ile Moskova\u2019da d\u00fczenledi\u011fi ortak bas\u0131n toplant\u0131s\u0131nda; Suriyeliler aras\u0131nda Cenevre&#8217;de yap\u0131lacak diyalog g\u00f6r\u00fc\u015fmelerinin Suriyeli istisnas\u0131z t\u00fcm siyasi g\u00fc\u00e7leri kapsamas\u0131 gerekti\u011finin alt\u0131n\u0131 \u00e7izdi<\/p>\n","protected":false},"author":1,"featured_media":0,"comment_status":"closed","ping_status":"closed","sticky":false,"template":"","format":"standard","meta":{"footnotes":""},"categories":[17991],"tags":[],"class_list":["post-64758","post","type-post","status-publish","format-standard","","category-son-dakika"],"_links":{"self":[{"href":"https:\/\/archive.sana.sy\/tr\/index.php?rest_route=\/wp\/v2\/posts\/64758","targetHints":{"allow":["GET"]}}],"collection":[{"href":"https:\/\/archive.sana.sy\/tr\/index.php?rest_route=\/wp\/v2\/posts"}],"about":[{"href":"https:\/\/archive.sana.sy\/tr\/index.php?rest_route=\/wp\/v2\/types\/post"}],"author":[{"embeddable":true,"href":"https:\/\/archive.sana.sy\/tr\/index.php?rest_route=\/wp\/v2\/users\/1"}],"replies":[{"embeddable":true,"href":"https:\/\/archive.sana.sy\/tr\/index.php?rest_route=%2Fwp%2Fv2%2Fcomments&post=64758"}],"version-history":[{"count":0,"href":"https:\/\/archive.sana.sy\/tr\/index.php?rest_route=\/wp\/v2\/posts\/64758\/revisions"}],"wp:attachment":[{"href":"https:\/\/archive.sana.sy\/tr\/index.php?rest_route=%2Fwp%2Fv2%2Fmedia&parent=64758"}],"wp:term":[{"taxonomy":"category","embeddable":true,"href":"https:\/\/archive.sana.sy\/tr\/index.php?rest_route=%2Fwp%2Fv2%2Fcategories&post=64758"},{"taxonomy":"post_tag","embeddable":true,"href":"https:\/\/archive.sana.sy\/tr\/index.php?rest_route=%2Fwp%2Fv2%2Ftags&post=64758"}],"curies":[{"name":"wp","href":"https:\/\/api.w.org\/{rel}","templated":true}]}}