{"id":64773,"date":"2016-03-14T12:05:30","date_gmt":"2016-03-14T10:05:30","guid":{"rendered":"http:\/\/www.sana.sy\/tr\/?p=64773"},"modified":"2016-03-14T12:12:59","modified_gmt":"2016-03-14T10:12:59","slug":"ortak-basin-toplantisinda-tunus-disisleri-bakani-chaynavi-terorun-uluslar-arasi-bir-oldu-oldugunu-ve-tum-dunya-istikrarini-tehdit-ettigine-dikkat-cekerken-terore-karsi-savasin-tum-devletlerin-cabalar","status":"publish","type":"post","link":"https:\/\/archive.sana.sy\/tr\/?p=64773","title":{"rendered":"Ortak bas\u0131n toplant\u0131s\u0131nda Tunus D\u0131\u015fi\u015fleri Bakan\u0131 Chaynavi ter\u00f6r\u00fcn uluslar aras\u0131 bir oldu oldu\u011funu ve t\u00fcm d\u00fcnya istikrar\u0131n\u0131 tehdit etti\u011fine dikkat \u00e7ekerken, ter\u00f6re kar\u015f\u0131 sava\u015f\u0131n t\u00fcm devletlerin \u00e7abalar\u0131n\u0131 birle\u015ftirmelerini gerektirdi\u011fini ifade etti"},"content":{"rendered":"<p>Ortak bas\u0131n toplant\u0131s\u0131nda Tunus D\u0131\u015fi\u015fleri Bakan\u0131 Chaynavi ter\u00f6r\u00fcn uluslar aras\u0131 bir oldu oldu\u011funu ve t\u00fcm d\u00fcnya istikrar\u0131n\u0131 tehdit etti\u011fine dikkat \u00e7ekerken, ter\u00f6re kar\u015f\u0131 sava\u015f\u0131n t\u00fcm devletlerin \u00e7abalar\u0131n\u0131 birle\u015ftirmelerini gerektirdi\u011fini ifade etti<\/p>\n","protected":false},"excerpt":{"rendered":"<p>Ortak bas\u0131n toplant\u0131s\u0131nda Tunus D\u0131\u015fi\u015fleri Bakan\u0131 Chaynavi ter\u00f6r\u00fcn uluslar aras\u0131 bir oldu oldu\u011funu ve t\u00fcm d\u00fcnya istikrar\u0131n\u0131 tehdit etti\u011fine dikkat \u00e7ekerken, ter\u00f6re kar\u015f\u0131 sava\u015f\u0131n t\u00fcm devletlerin \u00e7abalar\u0131n\u0131 birle\u015ftirmelerini gerektirdi\u011fini ifade etti<\/p>\n","protected":false},"author":1,"featured_media":0,"comment_status":"closed","ping_status":"closed","sticky":false,"template":"","format":"standard","meta":{"footnotes":""},"categories":[17991],"tags":[],"class_list":["post-64773","post","type-post","status-publish","format-standard","","category-son-dakika"],"_links":{"self":[{"href":"https:\/\/archive.sana.sy\/tr\/index.php?rest_route=\/wp\/v2\/posts\/64773","targetHints":{"allow":["GET"]}}],"collection":[{"href":"https:\/\/archive.sana.sy\/tr\/index.php?rest_route=\/wp\/v2\/posts"}],"about":[{"href":"https:\/\/archive.sana.sy\/tr\/index.php?rest_route=\/wp\/v2\/types\/post"}],"author":[{"embeddable":true,"href":"https:\/\/archive.sana.sy\/tr\/index.php?rest_route=\/wp\/v2\/users\/1"}],"replies":[{"embeddable":true,"href":"https:\/\/archive.sana.sy\/tr\/index.php?rest_route=%2Fwp%2Fv2%2Fcomments&post=64773"}],"version-history":[{"count":0,"href":"https:\/\/archive.sana.sy\/tr\/index.php?rest_route=\/wp\/v2\/posts\/64773\/revisions"}],"wp:attachment":[{"href":"https:\/\/archive.sana.sy\/tr\/index.php?rest_route=%2Fwp%2Fv2%2Fmedia&parent=64773"}],"wp:term":[{"taxonomy":"category","embeddable":true,"href":"https:\/\/archive.sana.sy\/tr\/index.php?rest_route=%2Fwp%2Fv2%2Fcategories&post=64773"},{"taxonomy":"post_tag","embeddable":true,"href":"https:\/\/archive.sana.sy\/tr\/index.php?rest_route=%2Fwp%2Fv2%2Ftags&post=64773"}],"curies":[{"name":"wp","href":"https:\/\/api.w.org\/{rel}","templated":true}]}}